{"id":9956,"date":"2023-03-01T22:47:44","date_gmt":"2023-03-01T22:47:44","guid":{"rendered":"https:\/\/fecovi.coop\/web\/?p=9956"},"modified":"2023-03-02T19:33:29","modified_gmt":"2023-03-02T19:33:29","slug":"fecovi-conovoco-a-plenario-de-cooperativas-para-informar-sobre-los-avances-del-2","status":"publish","type":"post","link":"https:\/\/fecovi.coop\/web\/fecovi-conovoco-a-plenario-de-cooperativas-para-informar-sobre-los-avances-del-2\/","title":{"rendered":"<strong>FECOVI convoc\u00f3 a Plenario de cooperativas para informar sobre los avances del 2%<\/strong>"},"content":{"rendered":"\n[Best_Wordpress_Gallery id=\u00bb43&#8243; gal_title=\u00bbPlenario 2023&#8243;]\n\n\n\n<p><\/p>\n\n\n\n<p><strong>Montevideo, 01 de marzo de 2023.-<\/strong> En la tarde de ayer se llev\u00f3 a cabo un nuevo Plenario de la Federaci\u00f3n de Cooperativas de Vivienda de Usuarios por Ahorro Previo (FECOVI).<\/p>\n\n\n\n<p>La convocatoria realizada por el Consejo Directivo a las cooperativas habitadas de Reglamentaci\u00f3n 2008 en adelante, tuvo la finalidad de informar sobre el proceso de avance e instrumentaci\u00f3n del pago del 2%, anunciado en diciembre pasado por la ministra de Vivienda y Ordenamiento Territorial, doctora Irene Moreira.<\/p>\n\n\n\n<p>La apertura del Plenario estuvo a cargo del secretario general de la Federaci\u00f3n, quien seguidamente cedi\u00f3 la palabra a las integrantes de la Comisi\u00f3n de G\u00e9nero (CEFIC-FECOVI), Alba \u00c1lvarez y Beatriz Garc\u00eda para informar sobre las distintas actividades que se llevar\u00e1n adelante en el marco de la celebraci\u00f3n del Mes de las Mujeres. La primera de ellas est\u00e1 prevista para este viernes 3 de marzo, a la hora 19:00 en la sede de FECOVI y consiste en la intervenci\u00f3n de pa\u00f1uelos con el logo de la Comisi\u00f3n. Las dirigentes tambi\u00e9n informaron y convocaron a la marcha del 8 de marzo, cuyo punto de encuentro ser\u00e1 en la Avenida 18 de Julio y Paraguay, a las 17:30 horas, bajo la consigna: \u201cCooperativismo y equidad\u201d.<\/p>\n\n\n\n<p>M\u00e1s tarde tom\u00f3 la palabra el vicepresidente Hugo Monta\u00f1o, en representaci\u00f3n del Consejo Directivo, para informar a las y los cooperativistas presentes c\u00f3mo se instrumentar\u00e1 la rebaja de la tasa de inter\u00e9s a los pr\u00e9stamos (del 5.25 al 2%) y con efecto retroactivo al 01 de marzo de 2020.<\/p>\n\n\n\n<p>Monta\u00f1o explic\u00f3 que el proceso se realizar\u00e1 en forma gradual y que las cooperativas comenzar\u00e1n a ser agendadas en el Ministerio de Vivienda partir de este mes. Aclar\u00f3 que las primeras comenzar\u00e1n a pagar la nueva cuota en junio (cuota de mayo), que no habr\u00e1 criterios selectivos de agenda y que este proceso incluir\u00e1 a todas las cooperativas acogidas a dicha reglamentaci\u00f3n antes de fin de a\u00f1o.<\/p>\n\n\n\n<p>Inform\u00f3 que estas acciones se llevar\u00e1n adelante mediante un convenio marco suscrito entre FECOVI y el MVOT, el cual ser\u00e1 previamente revisado y validado por el equipo t\u00e9cnico de la cooperativa Comuna, quien asesora a FECOVI en temas econ\u00f3micos. Monta\u00f1o adelant\u00f3 que una vez que el documento macro sea aprobado por la Federaci\u00f3n, cada cooperativa podr\u00e1 firmar un acuerdo espec\u00edfico con la seguridad de que se encuentra dentro de lo acordado.<\/p>\n\n\n\n<p>El directivo tambi\u00e9n confirm\u00f3 que la diferencia de cuota paga desde el 01 de marzo de 2020 y el d\u00eda que la cooperativa firme el acuerdo, se considerar\u00e1 como una amortizaci\u00f3n extraordinaria, lo que implica una reducci\u00f3n del monto total adeudado. Dijo tambi\u00e9n que el inter\u00e9s contractual se mantendr\u00e1 en el 5.25%, es decir que el beneficio abarcar\u00e1 \u00fanicamente a las cooperativas buenas pagadoras.<\/p>\n\n\n\n<p>Finalmente, Monta\u00f1o inform\u00f3 sobre otros temas que est\u00e1n en la agenda de negociaci\u00f3n con las autoridades del MVOT. Entre ellos, el relativo a la tasa de inter\u00e9s aplicada durante la obra. En este sentido, record\u00f3 que estaba planteado que el mismo fuera del 5.25% como estipulaba la reglamentaci\u00f3n anterior, pero hoy la Federaci\u00f3n propone que sea del 2% en los meses comprometidos de obra. La propuesta plantea que el 5.25% rija \u00fanicamente en el caso de que la obra supere el tiempo previsto. Este planteo, junto con la b\u00fasqueda de mecanismos para mejorar el control de los subsidios, fueron bien recibidos por las autoridades de la cartera.<\/p>\n","protected":false},"excerpt":{"rendered":"<p>Montevideo, 01 de marzo de 2023.- En la tarde de ayer se llev\u00f3 a cabo un nuevo Plenario de la Federaci\u00f3n de Cooperativas de Vivienda de Usuarios por Ahorro Previo &#8230;<\/p>\n","protected":false},"author":1,"featured_media":9965,"comment_status":"closed","ping_status":"closed","sticky":false,"template":"","format":"standard","meta":{"footnotes":""},"categories":[2],"tags":[],"class_list":["post-9956","post","type-post","status-publish","format-standard","has-post-thumbnail","hentry","category-noticias"],"_links":{"self":[{"href":"https:\/\/fecovi.coop\/web\/wp-json\/wp\/v2\/posts\/9956","targetHints":{"allow":["GET"]}}],"collection":[{"href":"https:\/\/fecovi.coop\/web\/wp-json\/wp\/v2\/posts"}],"about":[{"href":"https:\/\/fecovi.coop\/web\/wp-json\/wp\/v2\/types\/post"}],"author":[{"embeddable":true,"href":"https:\/\/fecovi.coop\/web\/wp-json\/wp\/v2\/users\/1"}],"replies":[{"embeddable":true,"href":"https:\/\/fecovi.coop\/web\/wp-json\/wp\/v2\/comments?post=9956"}],"version-history":[{"count":3,"href":"https:\/\/fecovi.coop\/web\/wp-json\/wp\/v2\/posts\/9956\/revisions"}],"predecessor-version":[{"id":9963,"href":"https:\/\/fecovi.coop\/web\/wp-json\/wp\/v2\/posts\/9956\/revisions\/9963"}],"wp:featuredmedia":[{"embeddable":true,"href":"https:\/\/fecovi.coop\/web\/wp-json\/wp\/v2\/media\/9965"}],"wp:attachment":[{"href":"https:\/\/fecovi.coop\/web\/wp-json\/wp\/v2\/media?parent=9956"}],"wp:term":[{"taxonomy":"category","embeddable":true,"href":"https:\/\/fecovi.coop\/web\/wp-json\/wp\/v2\/categories?post=9956"},{"taxonomy":"post_tag","embeddable":true,"href":"https:\/\/fecovi.coop\/web\/wp-json\/wp\/v2\/tags?post=9956"}],"curies":[{"name":"wp","href":"https:\/\/api.w.org\/{rel}","templated":true}]}}