{"id":9836,"date":"2023-02-09T23:31:55","date_gmt":"2023-02-09T23:31:55","guid":{"rendered":"https:\/\/fecovi.coop\/web\/?p=9836"},"modified":"2023-02-11T01:25:37","modified_gmt":"2023-02-11T01:25:37","slug":"avances-en-la-instrumentacion-del-2","status":"publish","type":"post","link":"https:\/\/fecovi.coop\/web\/avances-en-la-instrumentacion-del-2\/","title":{"rendered":"AVANCES EN LA INSTRUMENTACI\u00d3N DEL 2%"},"content":{"rendered":"\n<figure class=\"wp-block-image size-full\"><img loading=\"lazy\" decoding=\"async\" width=\"900\" height=\"677\" src=\"https:\/\/fecovi.coop\/web\/wp-content\/uploads\/2023\/02\/11.jpg\" alt=\"\" class=\"wp-image-9842\" srcset=\"https:\/\/fecovi.coop\/web\/wp-content\/uploads\/2023\/02\/11.jpg 900w, https:\/\/fecovi.coop\/web\/wp-content\/uploads\/2023\/02\/11-300x226.jpg 300w, https:\/\/fecovi.coop\/web\/wp-content\/uploads\/2023\/02\/11-768x578.jpg 768w\" sizes=\"auto, (max-width: 900px) 100vw, 900px\" \/><\/figure>\n\n\n\n<p><\/p>\n\n\n\n<p><strong>Montevideo, 09 de febrero de 2023.-<\/strong> Este mi\u00e9rcoles 08 de febrero, una delegaci\u00f3n del Consejo Directivo mantuvo una nutrida reuni\u00f3n con el director Nacional de Vivienda (MVOT), Cr. Jorge Ceretta y su equipo de trabajo.<\/p>\n\n\n\n<p>La entrevista fue solicitada oportunamente desde FECOVI para conocer de primera mano c\u00f3mo se instrumentar\u00e1 la rebaja de la tasa de inter\u00e9s a los pr\u00e9stamos (del 5.25% al 2% con efecto retroactivo al 1 de marzo de 2020), anunciada el pasado 23 de diciembre de 2022 por la ministra Irene Moreira, en el marco del segundo sorteo del a\u00f1o de cupos para viviendas cooperativas.<\/p>\n\n\n\n<p>Sin perjuicio de los ajustes que est\u00e1n pendientes de realizar, en el intercambio se avanz\u00f3 sobre c\u00f3mo ser\u00e1 el procedimiento, cu\u00e1ndo estar\u00eda comenzando y el rol de la Federaci\u00f3n para asesorar a las cooperativas previo a la firma de los acuerdos.<\/p>\n\n\n\n<p>En la reuni\u00f3n tambi\u00e9n se analiz\u00f3 las posibilidades que tiene la cartera para dar respuesta a otros temas de inter\u00e9s, relativos a la plataforma gremial y las reivindicaciones de FECOVI y otras federaciones, destac\u00e1ndose la apertura mostrada por las autoridades.<\/p>\n\n\n\n<p>En este sentido tambi\u00e9n cabe destacar que los valores de tasaci\u00f3n para los nuevos proyectos fueron ajustados recogiendo el planteo realizado por FECOVI y las dem\u00e1s federaciones, tal como se hab\u00eda comprometido el director de Vivienda cuando expuso en nuestro Ciclo de Reflexi\u00f3n y Debate a fines del a\u00f1o pr\u00f3ximo pasado.<\/p>\n\n\n\n<p>A los efectos de brindar la informaci\u00f3n recibida por parte de las autoridades del MVOT, el Consejo Directivo de FECOVI convocar\u00e1 a un <strong>Plenario de cooperativas reglamentaci\u00f3n 2008<\/strong> para el pr\u00f3ximo<strong> martes 28 de febrero, <\/strong>a partir de las<strong> 19:00 horas<\/strong>, en la sede social de la Federaci\u00f3n (Canelones 990, Montevideo).<\/p>\n","protected":false},"excerpt":{"rendered":"<p>Montevideo, 09 de febrero de 2023.- Este mi\u00e9rcoles 08 de febrero, una delegaci\u00f3n del Consejo Directivo mantuvo una nutrida reuni\u00f3n con el director Nacional de Vivienda (MVOT), Cr. Jorge Ceretta &#8230;<\/p>\n","protected":false},"author":1,"featured_media":9842,"comment_status":"closed","ping_status":"closed","sticky":false,"template":"","format":"standard","meta":{"footnotes":""},"categories":[2],"tags":[],"class_list":["post-9836","post","type-post","status-publish","format-standard","has-post-thumbnail","hentry","category-noticias"],"_links":{"self":[{"href":"https:\/\/fecovi.coop\/web\/wp-json\/wp\/v2\/posts\/9836","targetHints":{"allow":["GET"]}}],"collection":[{"href":"https:\/\/fecovi.coop\/web\/wp-json\/wp\/v2\/posts"}],"about":[{"href":"https:\/\/fecovi.coop\/web\/wp-json\/wp\/v2\/types\/post"}],"author":[{"embeddable":true,"href":"https:\/\/fecovi.coop\/web\/wp-json\/wp\/v2\/users\/1"}],"replies":[{"embeddable":true,"href":"https:\/\/fecovi.coop\/web\/wp-json\/wp\/v2\/comments?post=9836"}],"version-history":[{"count":5,"href":"https:\/\/fecovi.coop\/web\/wp-json\/wp\/v2\/posts\/9836\/revisions"}],"predecessor-version":[{"id":9844,"href":"https:\/\/fecovi.coop\/web\/wp-json\/wp\/v2\/posts\/9836\/revisions\/9844"}],"wp:featuredmedia":[{"embeddable":true,"href":"https:\/\/fecovi.coop\/web\/wp-json\/wp\/v2\/media\/9842"}],"wp:attachment":[{"href":"https:\/\/fecovi.coop\/web\/wp-json\/wp\/v2\/media?parent=9836"}],"wp:term":[{"taxonomy":"category","embeddable":true,"href":"https:\/\/fecovi.coop\/web\/wp-json\/wp\/v2\/categories?post=9836"},{"taxonomy":"post_tag","embeddable":true,"href":"https:\/\/fecovi.coop\/web\/wp-json\/wp\/v2\/tags?post=9836"}],"curies":[{"name":"wp","href":"https:\/\/api.w.org\/{rel}","templated":true}]}}