{"id":9800,"date":"2022-12-30T14:32:24","date_gmt":"2022-12-30T14:32:24","guid":{"rendered":"https:\/\/fecovi.coop\/web\/?p=9800"},"modified":"2022-12-30T14:41:49","modified_gmt":"2022-12-30T14:41:49","slug":"mariana-galvan-fecovi-la-baja-de-la-tasa-de-interes-reducira-en-un-27-las-cuotas-de-los-prestamos-para-la-construccion-de-viviendas","status":"publish","type":"post","link":"https:\/\/fecovi.coop\/web\/mariana-galvan-fecovi-la-baja-de-la-tasa-de-interes-reducira-en-un-27-las-cuotas-de-los-prestamos-para-la-construccion-de-viviendas\/","title":{"rendered":"Mariana Galv\u00e1n (Fecovi): La baja de la tasa de inter\u00e9s reducir\u00e1 en un 27% las cuotas de los pr\u00e9stamos para la construcci\u00f3n de viviendas"},"content":{"rendered":"\n<figure class=\"wp-block-image size-full\"><img loading=\"lazy\" decoding=\"async\" width=\"850\" height=\"560\" src=\"https:\/\/fecovi.coop\/web\/wp-content\/uploads\/2022\/12\/1-6.jpg\" alt=\"\" class=\"wp-image-9801\" srcset=\"https:\/\/fecovi.coop\/web\/wp-content\/uploads\/2022\/12\/1-6.jpg 850w, https:\/\/fecovi.coop\/web\/wp-content\/uploads\/2022\/12\/1-6-300x198.jpg 300w, https:\/\/fecovi.coop\/web\/wp-content\/uploads\/2022\/12\/1-6-768x506.jpg 768w\" sizes=\"auto, (max-width: 850px) 100vw, 850px\" \/><\/figure>\n\n\n\n<p class=\"has-text-align-center\">Foto: Javier Calvelo\/ adhocFOTOS<\/p>\n\n\n\n<p><strong>La presidenta de la Federaci\u00f3n de Cooperativas de Vivienda (Fecovi), Mariana Galv\u00e1n, celebr\u00f3 en Informativo Carve la decisi\u00f3n del Ejecutivo de disminuir el valor de la tasa de inter\u00e9s que pagan las cooperativas de viviendas de 5 a 2% y se\u00f1al\u00f3 que es una medida que se viene reclamando desde 2008.<\/strong><\/p>\n\n\n\n<p>La ministra de Vivienda y Ordenamiento Territorial, Irene Moreira, anunci\u00f3 que la medida regir\u00e1 para los buenos pagadores y mantendr\u00e1 vigencia retroactiva al 1\u00b0 de marzo de 2020. El beneficio abarca a las cooperativas de ayuda mutua, ahorro previo, viviendas de propietarios y viviendas del plan sindical.<\/p>\n\n\n\n<p>Galv\u00e1n dijo en Informativo Carve que el relacionamiento con el Ministerio ha sido \u201cmuy bueno\u201d y se\u00f1al\u00f3 que en octubre obtuvieron un compromiso p\u00fablico para \u201creevaluar y llevar a buen puerto esta reducci\u00f3n de la tasa de inter\u00e9s al 2%\u201d. La presidenta de Fecovi asegur\u00f3 que la medida implicar\u00e1 la reducci\u00f3n de un 27% en las cuotas de los pr\u00e9stamos.<\/p>\n\n\n\n<p><strong>Escuch\u00e1 la entrevista completa con Mariana Galv\u00e1n, presidenta de la Federaci\u00f3n de Cooperativas de Vivienda (Fecovi).<\/strong><\/p>\n\n\n\n<figure class=\"wp-block-embed is-type-rich is-provider-soundcloud wp-block-embed-soundcloud\"><div class=\"wp-block-embed__wrapper\">\n<iframe loading=\"lazy\" title=\"Entrevista a Mariana Galv\u00e1n, presidenta de Fecovi by Radio Carve\" width=\"850\" height=\"400\" scrolling=\"no\" frameborder=\"no\" src=\"https:\/\/w.soundcloud.com\/player\/?visual=true&#038;url=https%3A%2F%2Fapi.soundcloud.com%2Ftracks%2F1412357389&#038;show_artwork=true&#038;maxheight=1000&#038;maxwidth=850\"><\/iframe>\n<\/div><\/figure>\n\n\n\n<p><em>Fuente: Carve<\/em><\/p>\n","protected":false},"excerpt":{"rendered":"<p>Foto: Javier Calvelo\/ adhocFOTOS La presidenta de la Federaci\u00f3n de Cooperativas de Vivienda (Fecovi), Mariana Galv\u00e1n, celebr\u00f3 en Informativo Carve la decisi\u00f3n del Ejecutivo de disminuir el valor de la &#8230;<\/p>\n","protected":false},"author":1,"featured_media":9801,"comment_status":"closed","ping_status":"closed","sticky":false,"template":"","format":"standard","meta":{"footnotes":""},"categories":[2],"tags":[],"class_list":["post-9800","post","type-post","status-publish","format-standard","has-post-thumbnail","hentry","category-noticias"],"_links":{"self":[{"href":"https:\/\/fecovi.coop\/web\/wp-json\/wp\/v2\/posts\/9800","targetHints":{"allow":["GET"]}}],"collection":[{"href":"https:\/\/fecovi.coop\/web\/wp-json\/wp\/v2\/posts"}],"about":[{"href":"https:\/\/fecovi.coop\/web\/wp-json\/wp\/v2\/types\/post"}],"author":[{"embeddable":true,"href":"https:\/\/fecovi.coop\/web\/wp-json\/wp\/v2\/users\/1"}],"replies":[{"embeddable":true,"href":"https:\/\/fecovi.coop\/web\/wp-json\/wp\/v2\/comments?post=9800"}],"version-history":[{"count":3,"href":"https:\/\/fecovi.coop\/web\/wp-json\/wp\/v2\/posts\/9800\/revisions"}],"predecessor-version":[{"id":9805,"href":"https:\/\/fecovi.coop\/web\/wp-json\/wp\/v2\/posts\/9800\/revisions\/9805"}],"wp:featuredmedia":[{"embeddable":true,"href":"https:\/\/fecovi.coop\/web\/wp-json\/wp\/v2\/media\/9801"}],"wp:attachment":[{"href":"https:\/\/fecovi.coop\/web\/wp-json\/wp\/v2\/media?parent=9800"}],"wp:term":[{"taxonomy":"category","embeddable":true,"href":"https:\/\/fecovi.coop\/web\/wp-json\/wp\/v2\/categories?post=9800"},{"taxonomy":"post_tag","embeddable":true,"href":"https:\/\/fecovi.coop\/web\/wp-json\/wp\/v2\/tags?post=9800"}],"curies":[{"name":"wp","href":"https:\/\/api.w.org\/{rel}","templated":true}]}}