{"id":9780,"date":"2022-12-23T16:07:51","date_gmt":"2022-12-23T16:07:51","guid":{"rendered":"https:\/\/fecovi.coop\/web\/?p=9780"},"modified":"2022-12-23T16:10:00","modified_gmt":"2022-12-23T16:10:00","slug":"comunicado-publico","status":"publish","type":"post","link":"https:\/\/fecovi.coop\/web\/comunicado-publico\/","title":{"rendered":"COMUNICADO P\u00daBLICO"},"content":{"rendered":"\n<p class=\"has-text-align-right\">Montevideo, 23 de diciembre de 2022<\/p>\n\n\n\n<h2 class=\"has-text-align-center wp-block-heading\"><strong>FECOVI celebra la conquista del 2% para todas las cooperativas de vivienda<\/strong><\/h2>\n\n\n\n<p>Hace algunos momentos la ministra de Vivienda y Ordenamiento Territorial (MVOT), Dra. Irene Moreira, anunci\u00f3 que a partir del pr\u00f3ximo a\u00f1o y con efecto retroactivos al 1 de marzo de 2020, las cooperativas de vivienda pagar\u00e1n sus pr\u00e9stamos en UR con una tasa de Inter\u00e9s del 2% en lugar del 5.25% que reg\u00eda desde el a\u00f1o 2008.<\/p>\n\n\n\n<p>Esta confirmaci\u00f3n no hace otra cosa que reconocer lo justo del reclamo, por el cual miles de cooperativistas, a trav\u00e9s de sus federaciones, han estado luchado desde hace m\u00e1s de una d\u00e9cada.<\/p>\n\n\n\n<p>Este significativo avance para el cooperativismo de vivienda no puede hacernos olvidar que a\u00fan quedan muchos asuntos pendientes de resoluci\u00f3n, como ser la insuficiencia de recursos, la lentitud del proceso, la no exoneraci\u00f3n de IVA, la eliminaci\u00f3n de los colgamentos, entre otros.<\/p>\n\n\n\n<p>Esta conquista nos alienta a seguir por el camino del di\u00e1logo, la movilizaci\u00f3n, argumentando y convenciendo sobre la necesidad de una pol\u00edtica nacional en materia de vivienda social que tenga como centro a su experiencia m\u00e1s exitosa: el cooperativismo de vivienda.<\/p>\n\n\n\n<p>El Consejo Directivo de FECOVI quiere hacer en esta instancia un especial reconocimiento a todos sus militantes que a lo largo del tiempo y en diversas circunstancias han sostenido esta lucha que hoy da sus frutos, porque la lucha siempre paga.<\/p>\n\n\n\n<p class=\"has-text-align-center\"><strong>CONSEJO DIRECTIVO<\/strong><\/p>\n\n\n\n<p class=\"has-text-align-center\"><strong>FECOVI<\/strong><\/p>\n","protected":false},"excerpt":{"rendered":"<p>Montevideo, 23 de diciembre de 2022 FECOVI celebra la conquista del 2% para todas las cooperativas de vivienda Hace algunos momentos la ministra de Vivienda y Ordenamiento Territorial (MVOT), Dra. &#8230;<\/p>\n","protected":false},"author":1,"featured_media":9781,"comment_status":"closed","ping_status":"closed","sticky":false,"template":"","format":"standard","meta":{"footnotes":""},"categories":[2],"tags":[],"class_list":["post-9780","post","type-post","status-publish","format-standard","has-post-thumbnail","hentry","category-noticias"],"_links":{"self":[{"href":"https:\/\/fecovi.coop\/web\/wp-json\/wp\/v2\/posts\/9780","targetHints":{"allow":["GET"]}}],"collection":[{"href":"https:\/\/fecovi.coop\/web\/wp-json\/wp\/v2\/posts"}],"about":[{"href":"https:\/\/fecovi.coop\/web\/wp-json\/wp\/v2\/types\/post"}],"author":[{"embeddable":true,"href":"https:\/\/fecovi.coop\/web\/wp-json\/wp\/v2\/users\/1"}],"replies":[{"embeddable":true,"href":"https:\/\/fecovi.coop\/web\/wp-json\/wp\/v2\/comments?post=9780"}],"version-history":[{"count":3,"href":"https:\/\/fecovi.coop\/web\/wp-json\/wp\/v2\/posts\/9780\/revisions"}],"predecessor-version":[{"id":9784,"href":"https:\/\/fecovi.coop\/web\/wp-json\/wp\/v2\/posts\/9780\/revisions\/9784"}],"wp:featuredmedia":[{"embeddable":true,"href":"https:\/\/fecovi.coop\/web\/wp-json\/wp\/v2\/media\/9781"}],"wp:attachment":[{"href":"https:\/\/fecovi.coop\/web\/wp-json\/wp\/v2\/media?parent=9780"}],"wp:term":[{"taxonomy":"category","embeddable":true,"href":"https:\/\/fecovi.coop\/web\/wp-json\/wp\/v2\/categories?post=9780"},{"taxonomy":"post_tag","embeddable":true,"href":"https:\/\/fecovi.coop\/web\/wp-json\/wp\/v2\/tags?post=9780"}],"curies":[{"name":"wp","href":"https:\/\/api.w.org\/{rel}","templated":true}]}}