{"id":9773,"date":"2022-12-22T13:34:00","date_gmt":"2022-12-22T13:34:00","guid":{"rendered":"https:\/\/fecovi.coop\/web\/?p=9773"},"modified":"2022-12-26T23:50:14","modified_gmt":"2022-12-26T23:50:14","slug":"cefic-organizo-taller-sobre-violencia-basada-en-genero-y-generaciones","status":"publish","type":"post","link":"https:\/\/fecovi.coop\/web\/cefic-organizo-taller-sobre-violencia-basada-en-genero-y-generaciones\/","title":{"rendered":"CEFIC organiz\u00f3 taller sobre Violencia basada en G\u00e9nero y Generaciones"},"content":{"rendered":"\n<figure class=\"wp-block-gallery has-nested-images columns-2 is-cropped wp-block-gallery-1 is-layout-flex wp-block-gallery-is-layout-flex\">\n<figure class=\"wp-block-image size-large\"><img loading=\"lazy\" decoding=\"async\" width=\"720\" height=\"665\" data-id=\"9774\" src=\"https:\/\/fecovi.coop\/web\/wp-content\/uploads\/2022\/12\/aa.jpg\" alt=\"\" class=\"wp-image-9774\" srcset=\"https:\/\/fecovi.coop\/web\/wp-content\/uploads\/2022\/12\/aa.jpg 720w, https:\/\/fecovi.coop\/web\/wp-content\/uploads\/2022\/12\/aa-300x277.jpg 300w\" sizes=\"auto, (max-width: 720px) 100vw, 720px\" \/><\/figure>\n\n\n\n<figure class=\"wp-block-image size-large\"><img loading=\"lazy\" decoding=\"async\" width=\"720\" height=\"956\" data-id=\"9776\" src=\"https:\/\/fecovi.coop\/web\/wp-content\/uploads\/2022\/12\/aaa.jpg\" alt=\"\" class=\"wp-image-9776\" srcset=\"https:\/\/fecovi.coop\/web\/wp-content\/uploads\/2022\/12\/aaa.jpg 720w, https:\/\/fecovi.coop\/web\/wp-content\/uploads\/2022\/12\/aaa-226x300.jpg 226w\" sizes=\"auto, (max-width: 720px) 100vw, 720px\" \/><\/figure>\n\n\n\n<figure class=\"wp-block-image size-large\"><img loading=\"lazy\" decoding=\"async\" width=\"720\" height=\"969\" data-id=\"9775\" src=\"https:\/\/fecovi.coop\/web\/wp-content\/uploads\/2022\/12\/aaaa.jpg\" alt=\"\" class=\"wp-image-9775\" srcset=\"https:\/\/fecovi.coop\/web\/wp-content\/uploads\/2022\/12\/aaaa.jpg 720w, https:\/\/fecovi.coop\/web\/wp-content\/uploads\/2022\/12\/aaaa-223x300.jpg 223w\" sizes=\"auto, (max-width: 720px) 100vw, 720px\" \/><\/figure>\n<\/figure>\n\n\n\n<p>Este martes 20 de diciembre se llev\u00f3 a cabo en el Sal\u00f3n de Actos de FECOVI el taller sobre Violencia basada en G\u00e9nero y Generaciones.<\/p>\n\n\n\n<p>El espacio de formaci\u00f3n fue posible gracias al trabajo entre el Ministerio de Salud P\u00fablica (MSP), MP Medicina Personalizada y CEFIC, a trav\u00e9s de la Comisi\u00f3n de G\u00e9nero de FECOVI.<\/p>\n\n\n\n<p>La propuesta apunta a formar promotores y promotoras de salud en la \u00f3rbita institucional y organizacional, que sean capaces de identificar, actuar y dar respuesta en forma integral a la problem\u00e1tica de la violencia de G\u00e9nero y Generaciones.<\/p>\n\n\n\n<p>La Organizaci\u00f3n Mundial de la Salud (OMS) define a la violencia como \u00abel uso deliberado de la fuerza f\u00edsica o el poder, ya sea en grado de amenaza o efectivo, contra uno\/a mismo, otra persona o un grupo o comunidad que cause o tnega muchas probabilidades de causar lesi\u00f3n, muerte, da\u00f1o psicol\u00f3gico, trastornos del desarrollo o privaciones\u00bb.<\/p>\n","protected":false},"excerpt":{"rendered":"<p>Este martes 20 de diciembre se llev\u00f3 a cabo en el Sal\u00f3n de Actos de FECOVI el taller sobre Violencia basada en G\u00e9nero y Generaciones. El espacio de formaci\u00f3n fue &#8230;<\/p>\n","protected":false},"author":1,"featured_media":9794,"comment_status":"closed","ping_status":"closed","sticky":false,"template":"","format":"standard","meta":{"footnotes":""},"categories":[2],"tags":[],"class_list":["post-9773","post","type-post","status-publish","format-standard","has-post-thumbnail","hentry","category-noticias"],"_links":{"self":[{"href":"https:\/\/fecovi.coop\/web\/wp-json\/wp\/v2\/posts\/9773","targetHints":{"allow":["GET"]}}],"collection":[{"href":"https:\/\/fecovi.coop\/web\/wp-json\/wp\/v2\/posts"}],"about":[{"href":"https:\/\/fecovi.coop\/web\/wp-json\/wp\/v2\/types\/post"}],"author":[{"embeddable":true,"href":"https:\/\/fecovi.coop\/web\/wp-json\/wp\/v2\/users\/1"}],"replies":[{"embeddable":true,"href":"https:\/\/fecovi.coop\/web\/wp-json\/wp\/v2\/comments?post=9773"}],"version-history":[{"count":1,"href":"https:\/\/fecovi.coop\/web\/wp-json\/wp\/v2\/posts\/9773\/revisions"}],"predecessor-version":[{"id":9778,"href":"https:\/\/fecovi.coop\/web\/wp-json\/wp\/v2\/posts\/9773\/revisions\/9778"}],"wp:featuredmedia":[{"embeddable":true,"href":"https:\/\/fecovi.coop\/web\/wp-json\/wp\/v2\/media\/9794"}],"wp:attachment":[{"href":"https:\/\/fecovi.coop\/web\/wp-json\/wp\/v2\/media?parent=9773"}],"wp:term":[{"taxonomy":"category","embeddable":true,"href":"https:\/\/fecovi.coop\/web\/wp-json\/wp\/v2\/categories?post=9773"},{"taxonomy":"post_tag","embeddable":true,"href":"https:\/\/fecovi.coop\/web\/wp-json\/wp\/v2\/tags?post=9773"}],"curies":[{"name":"wp","href":"https:\/\/api.w.org\/{rel}","templated":true}]}}