{"id":9767,"date":"2022-12-22T13:27:51","date_gmt":"2022-12-22T13:27:51","guid":{"rendered":"https:\/\/fecovi.coop\/web\/?p=9767"},"modified":"2022-12-22T14:31:17","modified_gmt":"2022-12-22T14:31:17","slug":"fecovi-e-inacoop-firman-acuerdo-de-cooperacion-para-el-fortalecimiento-gremial","status":"publish","type":"post","link":"https:\/\/fecovi.coop\/web\/fecovi-e-inacoop-firman-acuerdo-de-cooperacion-para-el-fortalecimiento-gremial\/","title":{"rendered":"FECOVI e Inacoop firman acuerdo de cooperaci\u00f3n para el Fortalecimiento Gremial"},"content":{"rendered":"<div class=\"wp-block-image\">\n<figure class=\"aligncenter size-full\"><img loading=\"lazy\" decoding=\"async\" width=\"800\" height=\"600\" src=\"https:\/\/fecovi.coop\/web\/wp-content\/uploads\/2022\/12\/1-3.jpg\" alt=\"\" class=\"wp-image-9768\" srcset=\"https:\/\/fecovi.coop\/web\/wp-content\/uploads\/2022\/12\/1-3.jpg 800w, https:\/\/fecovi.coop\/web\/wp-content\/uploads\/2022\/12\/1-3-300x225.jpg 300w, https:\/\/fecovi.coop\/web\/wp-content\/uploads\/2022\/12\/1-3-768x576.jpg 768w\" sizes=\"auto, (max-width: 800px) 100vw, 800px\" \/><figcaption class=\"wp-element-caption\">Dra. Mariana Galvan, presidenta de FECOVI, Mart\u00edn Fern\u00e1ndez, presidente de INACOOP y Luis Llorca, secretario general de FECOVI<\/figcaption><\/figure>\n<\/div>\n\n\n<p>La Federaci\u00f3n de Cooperativas de Vivienda de Usuarios por Ahorro Previo (FECOVI) y el Instituto Nacional del Cooperativismo suscribieron esta ma\u00f1ana un Acuerdo de Fortalecimiento Gremial, vigente para el periodo 2023-2024.<\/p>\n\n\n\n<p>El acuerdo establece la dotaci\u00f3n de fondos por parte de INACOOP que ser\u00e1n empleados en el fortalecimiento de la Federaci\u00f3n.<\/p>\n\n\n\n<p>De la firma del convenio participaron Martin Fern\u00e1ndez, presidente de INACOOP, Mariana Galv\u00e1n y Luis Llorca, presidenta y secretario general de FECOVI, respectivamente.<\/p>\n","protected":false},"excerpt":{"rendered":"<p>La Federaci\u00f3n de Cooperativas de Vivienda de Usuarios por Ahorro Previo (FECOVI) y el Instituto Nacional del Cooperativismo suscribieron esta ma\u00f1ana un Acuerdo de Fortalecimiento Gremial, vigente para el periodo &#8230;<\/p>\n","protected":false},"author":1,"featured_media":9768,"comment_status":"closed","ping_status":"closed","sticky":false,"template":"","format":"standard","meta":{"footnotes":""},"categories":[2],"tags":[],"class_list":["post-9767","post","type-post","status-publish","format-standard","has-post-thumbnail","hentry","category-noticias"],"_links":{"self":[{"href":"https:\/\/fecovi.coop\/web\/wp-json\/wp\/v2\/posts\/9767","targetHints":{"allow":["GET"]}}],"collection":[{"href":"https:\/\/fecovi.coop\/web\/wp-json\/wp\/v2\/posts"}],"about":[{"href":"https:\/\/fecovi.coop\/web\/wp-json\/wp\/v2\/types\/post"}],"author":[{"embeddable":true,"href":"https:\/\/fecovi.coop\/web\/wp-json\/wp\/v2\/users\/1"}],"replies":[{"embeddable":true,"href":"https:\/\/fecovi.coop\/web\/wp-json\/wp\/v2\/comments?post=9767"}],"version-history":[{"count":2,"href":"https:\/\/fecovi.coop\/web\/wp-json\/wp\/v2\/posts\/9767\/revisions"}],"predecessor-version":[{"id":9779,"href":"https:\/\/fecovi.coop\/web\/wp-json\/wp\/v2\/posts\/9767\/revisions\/9779"}],"wp:featuredmedia":[{"embeddable":true,"href":"https:\/\/fecovi.coop\/web\/wp-json\/wp\/v2\/media\/9768"}],"wp:attachment":[{"href":"https:\/\/fecovi.coop\/web\/wp-json\/wp\/v2\/media?parent=9767"}],"wp:term":[{"taxonomy":"category","embeddable":true,"href":"https:\/\/fecovi.coop\/web\/wp-json\/wp\/v2\/categories?post=9767"},{"taxonomy":"post_tag","embeddable":true,"href":"https:\/\/fecovi.coop\/web\/wp-json\/wp\/v2\/tags?post=9767"}],"curies":[{"name":"wp","href":"https:\/\/api.w.org\/{rel}","templated":true}]}}