{"id":9763,"date":"2022-12-17T22:13:05","date_gmt":"2022-12-17T22:13:05","guid":{"rendered":"https:\/\/fecovi.coop\/web\/?p=9763"},"modified":"2022-12-17T22:14:13","modified_gmt":"2022-12-17T22:14:13","slug":"coviappay-inauguro-complejo-de-34-viviendas-primera-en-el-terreno-de-antigua-paylana","status":"publish","type":"post","link":"https:\/\/fecovi.coop\/web\/coviappay-inauguro-complejo-de-34-viviendas-primera-en-el-terreno-de-antigua-paylana\/","title":{"rendered":"Coviappay inaugur\u00f3 complejo de 34 viviendas; primera en el terreno de antigua Paylana"},"content":{"rendered":"<div class=\"wp-block-image\">\n<figure class=\"aligncenter size-full\"><img loading=\"lazy\" decoding=\"async\" width=\"678\" height=\"380\" src=\"https:\/\/fecovi.coop\/web\/wp-content\/uploads\/2022\/12\/1-2.jpg\" alt=\"\" class=\"wp-image-9764\" srcset=\"https:\/\/fecovi.coop\/web\/wp-content\/uploads\/2022\/12\/1-2.jpg 678w, https:\/\/fecovi.coop\/web\/wp-content\/uploads\/2022\/12\/1-2-300x168.jpg 300w\" sizes=\"auto, (max-width: 678px) 100vw, 678px\" \/><\/figure>\n<\/div>\n\n\n<p><\/p>\n\n\n\n<p>La cooperativa de viviendas Coviappay 2017, construida por ahorro previo y nucleada en Fecovi, inaugur\u00f3 su complejo de 34 unidades \u2013erigido en altura&#8211; ubicado en Luis Batlle Berres entre avenida Salto y Horacio Meriggi, con la presencia de autoridades departamentales y nacionales. Es la habilitaci\u00f3n del primer edificio construido dentro del terreno de la antigua Paylana, enmarcado en un proyecto que comenz\u00f3 bajo la administraci\u00f3n de Guillermo Caraballo y culmin\u00f3, de acuerdo al tiempo establecido por el Ministerio de Vivienda, en la gesti\u00f3n de Nicol\u00e1s Olivera. En la oratoria, encabezada por su consejo directivo que preside Zoraima Art\u00eda, destac\u00f3 la relevancia del cooperativismo y agradeci\u00f3 la posibilidad de acceder a pr\u00e9stamos \u201cque tienen como garantes a las federaciones que posibilitan sortear dificultades o gastos en los procesos de obra\u201d y record\u00f3 que \u201cestuvimos al borde de tomarlos en m\u00e1s de una oportunidad\u201d.<\/p>\n\n\n\n<h3 class=\"wp-block-heading\"><strong>Pol\u00edtica de estado<\/strong><\/h3>\n\n\n\n<p>El encargado de la Unidad de Comunicaci\u00f3n de la Agencia Nacional de Vivienda (ANV), Nelson Gianoni, destac\u00f3 la necesidad de continuar con una \u201cpol\u00edtica de Estado que logre los objetivos trazados, sin importar el color pol\u00edtico porque la necesidad de viviendas es de todos, as\u00ed como es un derecho alcanzar el sue\u00f1o del techo propio\u201d. A su turno, la directora de la ANV en representaci\u00f3n del Frente Amplio, arquitecta Ver\u00f3nica Dodera, inst\u00f3 a continuar con el proceso para un \u201cpronto retorno a Paysand\u00fa\u201d con la inauguraci\u00f3n de las restantes cooperativas de viviendas que se encuentran en diferentes etapas de construcci\u00f3n.<\/p>\n","protected":false},"excerpt":{"rendered":"<p>La cooperativa de viviendas Coviappay 2017, construida por ahorro previo y nucleada en Fecovi, inaugur\u00f3 su complejo de 34 unidades \u2013erigido en altura&#8211; ubicado en Luis Batlle Berres entre avenida &#8230;<\/p>\n","protected":false},"author":1,"featured_media":9764,"comment_status":"closed","ping_status":"closed","sticky":false,"template":"","format":"standard","meta":{"footnotes":""},"categories":[81],"tags":[],"class_list":["post-9763","post","type-post","status-publish","format-standard","has-post-thumbnail","hentry","category-prensa"],"_links":{"self":[{"href":"https:\/\/fecovi.coop\/web\/wp-json\/wp\/v2\/posts\/9763","targetHints":{"allow":["GET"]}}],"collection":[{"href":"https:\/\/fecovi.coop\/web\/wp-json\/wp\/v2\/posts"}],"about":[{"href":"https:\/\/fecovi.coop\/web\/wp-json\/wp\/v2\/types\/post"}],"author":[{"embeddable":true,"href":"https:\/\/fecovi.coop\/web\/wp-json\/wp\/v2\/users\/1"}],"replies":[{"embeddable":true,"href":"https:\/\/fecovi.coop\/web\/wp-json\/wp\/v2\/comments?post=9763"}],"version-history":[{"count":2,"href":"https:\/\/fecovi.coop\/web\/wp-json\/wp\/v2\/posts\/9763\/revisions"}],"predecessor-version":[{"id":9766,"href":"https:\/\/fecovi.coop\/web\/wp-json\/wp\/v2\/posts\/9763\/revisions\/9766"}],"wp:featuredmedia":[{"embeddable":true,"href":"https:\/\/fecovi.coop\/web\/wp-json\/wp\/v2\/media\/9764"}],"wp:attachment":[{"href":"https:\/\/fecovi.coop\/web\/wp-json\/wp\/v2\/media?parent=9763"}],"wp:term":[{"taxonomy":"category","embeddable":true,"href":"https:\/\/fecovi.coop\/web\/wp-json\/wp\/v2\/categories?post=9763"},{"taxonomy":"post_tag","embeddable":true,"href":"https:\/\/fecovi.coop\/web\/wp-json\/wp\/v2\/tags?post=9763"}],"curies":[{"name":"wp","href":"https:\/\/api.w.org\/{rel}","templated":true}]}}