{"id":9616,"date":"2022-11-24T23:10:17","date_gmt":"2022-11-24T23:10:17","guid":{"rendered":"https:\/\/fecovi.coop\/web\/?p=9616"},"modified":"2022-11-24T23:24:49","modified_gmt":"2022-11-24T23:24:49","slug":"9616","status":"publish","type":"post","link":"https:\/\/fecovi.coop\/web\/9616\/","title":{"rendered":"Declaraci\u00f3n de la Comisi\u00f3n de G\u00e9nero de FECOVI"},"content":{"rendered":"<div class=\"wp-block-image\">\n<figure class=\"aligncenter size-full\"><img loading=\"lazy\" decoding=\"async\" width=\"296\" height=\"307\" src=\"https:\/\/fecovi.coop\/web\/wp-content\/uploads\/2022\/11\/dia-mujer-1.gif\" alt=\"\" class=\"wp-image-9623\"\/><\/figure>\n<\/div>\n\n\n<p class=\"has-text-align-right\">Montevideo, 25 de noviembre de 2022.<\/p>\n\n\n\n<h3 class=\"has-text-align-center wp-block-heading\"><strong>DIA INTERNACIONAL PARA LA ELIMINACI\u00d3N DE LA VIOLENCIA HACIA LAS MUJERES Y NI\u00d1AS<\/strong><\/h3>\n\n\n\n<p>Al conmemorarse hoy otro <strong>25N<\/strong> en memoria de Minerva, Patria y Mar\u00eda Teresa Mirabal -las tres hermanas dominicanas que fueron asesinadas en 1960 por orden del dictador Rafael Trujillo- reafirmamos el compromiso desde el <strong>Movimiento Cooperativo de Vivienda de Usuarios por Ahorro Previo<\/strong> a seguir trabajando en el fortalecimiento de la toma de conciencia y la deconstrucci\u00f3n cultural de las relaciones entre varones y mujeres.<\/p>\n\n\n\n<p>Para vincularnos desde la <strong>equidad<\/strong> y la <strong>solidaridad<\/strong> valores esenciales y fundamentales de nuestro movimiento, a partir de los cuales deseamos generar espacios de participaci\u00f3n social y pol\u00edtica con<strong> igualdad<\/strong> de <strong>oportunidades<\/strong> y <strong>derechos.<\/strong><\/p>\n\n\n\n<p>El cooperativismo asume ese compromiso e insta a todos los socios y socias de la Federaci\u00f3n a seguir trabajando en la <strong>sensibilizaci\u00f3n<\/strong> y encontrar consensos en esta direcci\u00f3n para construir organizaciones <strong>cooperativas libres de violencia, acoso y discriminaci\u00f3n.<\/strong><\/p>\n\n\n\n<p>Por la <strong>erradicaci\u00f3n de la violencia<\/strong> de genero y la construcci\u00f3n de <strong>espacios equitativos<\/strong> en nuestras cooperativas.<\/p>\n\n\n\n<p class=\"has-text-align-center\"><br><strong>COMISI\u00d3N DE G\u00c9NERO<br>CEFIC \u2013 FECOVI<\/strong><\/p>\n","protected":false},"excerpt":{"rendered":"<p>Montevideo, 25 de noviembre de 2022. DIA INTERNACIONAL PARA LA ELIMINACI\u00d3N DE LA VIOLENCIA HACIA LAS MUJERES Y NI\u00d1AS Al conmemorarse hoy otro 25N en memoria de Minerva, Patria y &#8230;<\/p>\n","protected":false},"author":1,"featured_media":9589,"comment_status":"closed","ping_status":"closed","sticky":false,"template":"","format":"standard","meta":{"footnotes":""},"categories":[2],"tags":[],"class_list":["post-9616","post","type-post","status-publish","format-standard","has-post-thumbnail","hentry","category-noticias"],"_links":{"self":[{"href":"https:\/\/fecovi.coop\/web\/wp-json\/wp\/v2\/posts\/9616","targetHints":{"allow":["GET"]}}],"collection":[{"href":"https:\/\/fecovi.coop\/web\/wp-json\/wp\/v2\/posts"}],"about":[{"href":"https:\/\/fecovi.coop\/web\/wp-json\/wp\/v2\/types\/post"}],"author":[{"embeddable":true,"href":"https:\/\/fecovi.coop\/web\/wp-json\/wp\/v2\/users\/1"}],"replies":[{"embeddable":true,"href":"https:\/\/fecovi.coop\/web\/wp-json\/wp\/v2\/comments?post=9616"}],"version-history":[{"count":6,"href":"https:\/\/fecovi.coop\/web\/wp-json\/wp\/v2\/posts\/9616\/revisions"}],"predecessor-version":[{"id":9627,"href":"https:\/\/fecovi.coop\/web\/wp-json\/wp\/v2\/posts\/9616\/revisions\/9627"}],"wp:featuredmedia":[{"embeddable":true,"href":"https:\/\/fecovi.coop\/web\/wp-json\/wp\/v2\/media\/9589"}],"wp:attachment":[{"href":"https:\/\/fecovi.coop\/web\/wp-json\/wp\/v2\/media?parent=9616"}],"wp:term":[{"taxonomy":"category","embeddable":true,"href":"https:\/\/fecovi.coop\/web\/wp-json\/wp\/v2\/categories?post=9616"},{"taxonomy":"post_tag","embeddable":true,"href":"https:\/\/fecovi.coop\/web\/wp-json\/wp\/v2\/tags?post=9616"}],"curies":[{"name":"wp","href":"https:\/\/api.w.org\/{rel}","templated":true}]}}