{"id":9503,"date":"2022-11-18T00:14:12","date_gmt":"2022-11-18T00:14:12","guid":{"rendered":"https:\/\/fecovi.coop\/web\/?p=9503"},"modified":"2022-11-21T21:36:15","modified_gmt":"2022-11-21T21:36:15","slug":"fecovi-presento-el-documento-base-del-ciclo-de-reflexion-y-analisis-sobre-vivienda-social","status":"publish","type":"post","link":"https:\/\/fecovi.coop\/web\/fecovi-presento-el-documento-base-del-ciclo-de-reflexion-y-analisis-sobre-vivienda-social\/","title":{"rendered":"FECOVI present\u00f3 el documento base del Ciclo de Reflexi\u00f3n y An\u00e1lisis sobre Vivienda Social"},"content":{"rendered":"\n[Best_Wordpress_Gallery id=\u00bb39&#8243; gal_title=\u00bbcierre ciclo\u00bb]\n\n\n\n<p>El cierre del Ciclo de Reflexi\u00f3n e Intercambio sobre Vivienda Social en Uruguay fue acompa\u00f1ado por decenas de cooperativistas, expertos y autoridades nacionales.<\/p>\n\n\n\n<p>En esta oportunidad, se esperaba que la ministra de Vivienda y Ordenamiento Territorial (MVOT), Irene Moreira, que d\u00edas atr\u00e1s hab\u00eda confirmado su participaci\u00f3n, anunciara la rebaja de la tasa de inter\u00e9s del 5,25% al hist\u00f3rico 2%, reclamado por FECOVI y otras organizaciones. Finalmente, en representaci\u00f3n de Moreira se hizo presente el director nacional de Vivienda, Jorge Ceretta quien, en modo condicional explic\u00f3 que el anuncio podr\u00eda hacerlo la ministra el 19 de diciembre, el d\u00eda que se realizar\u00e1 el \u00faltimo sorteo de pr\u00e9stamos para las cooperativas. \u201cSi se concreta lo que venimos diciendo, la rebaja quedar\u00e1 operativa el a\u00f1o que viene\u201d, dijo. Ceretta enunci\u00f3 tambi\u00e9n que desde la cartera se revisar\u00e1n los valores de tasaci\u00f3n.<\/p>\n\n\n\n<p>El cuarto y \u00faltimo encuentro del ciclo se desarroll\u00f3 este mi\u00e9rcoles en el Sal\u00f3n de Actos de la Federaci\u00f3n y su apertura estuvo a cargo de la actual presidenta, Mariana Galv\u00e1n. Seguidamente, el coordinador general, Alejandro Domostoj expuso el documento-s\u00edntesis de las primeras tres jornadas. De all\u00ed se extrae que \u201cel cooperativismo de vivienda es el mejor modelo de vivienda social en Uruguay\u201d, que \u201clos recursos que se vuelcan en materia de vivienda social son insuficientes para cubrir el d\u00e9ficit que se mantiene estable en el entorno de las 60 mil viviendas\u201d y que \u201ca las cooperativas nadie les regala nada, lo hacen en funci\u00f3n del esfuerzo de su trabajo y pagan las cuotas religiosamente\u201d, entre otros temas.<\/p>\n\n\n\n<p>La presidenta de Cooperativas de las Am\u00e9ricas y vicepresidenta de la Alianza Cooperativa Internacional, Graciela Fern\u00e1ndez tambi\u00e9n fue invitada por FECOVI para aportar conclusiones al documento de s\u00edntesis. Sobre las jornadas, afirm\u00f3 que \u201cfue un aporte y un ejemplo para el continente americano\u201d y a la vez un mecanismo \u201cgremial de presi\u00f3n para defender el hist\u00f3rico 2%\u201d. Concluy\u00f3 expresando que, con los intercambios generados en las charlas, \u201cFECOVI movi\u00f3 la aguja y la agenda del cooperativismo\u201d e inst\u00f3 a \u201cno dejarse amedrentar por presencias o no presencias\u201d.<\/p>\n\n\n\n<p>La Confederaci\u00f3n Uruguaya de Entidades Cooperativas (Cudecoop), por su parte, estuvo representada por su presidenta, recientemente reelecta, Alicia Maneiro, quien coincidi\u00f3 con Graciela Fern\u00e1ndez: \u201ccelebramos que FECOVI haya dado un gran paso para generar este tipo de di\u00e1logo y por enriquecer un documento que se va a publicar y que va a quedar como referencia\u201d. En otro orden, record\u00f3 que la lucha por el 2% es de larga data: \u201crespetamos el proceso de los equipos de trabajo [del MVOT] para este estudio, pero los ciclos tienen que empezar a cerrarse\u201d, dijo.<\/p>\n\n\n\n<p>Por \u00faltimo, el presidente del Instituto Nacional del Cooperativismo (Inacoop), Mart\u00edn Fern\u00e1ndez, agradeci\u00f3 la invitaci\u00f3n y el compromiso de FECOVI y valor\u00f3 \u201cla posibilidad de generar di\u00e1logo con distintas miradas, dar participaci\u00f3n a todos los actores y elaborar conclusiones como las que hoy se est\u00e1n presentando\u201d.<\/p>\n\n\n\n<p>Al finalizar las exposiciones se habilit\u00f3 una ronda de preguntas. All\u00ed, las intervenciones de los y las cooperativistas estuvieron dirigidas al director nacional de Vivienda sobre los problemas y reclamos de las cooperativas de base, federaciones y confederaci\u00f3n, respectivamente. Entre ellas: el acceso de suelo en \u00e1reas centrales, la eliminaci\u00f3n del IVA a los materiales de construcci\u00f3n y la convocatoria de la Comisi\u00f3n Asesora de Vivienda (COAVI).<\/p>\n","protected":false},"excerpt":{"rendered":"<p>El cierre del Ciclo de Reflexi\u00f3n e Intercambio sobre Vivienda Social en Uruguay fue acompa\u00f1ado por decenas de cooperativistas, expertos y autoridades nacionales. En esta oportunidad, se esperaba que la &#8230;<\/p>\n","protected":false},"author":1,"featured_media":9506,"comment_status":"closed","ping_status":"closed","sticky":false,"template":"","format":"standard","meta":{"footnotes":""},"categories":[2],"tags":[],"class_list":["post-9503","post","type-post","status-publish","format-standard","has-post-thumbnail","hentry","category-noticias"],"_links":{"self":[{"href":"https:\/\/fecovi.coop\/web\/wp-json\/wp\/v2\/posts\/9503","targetHints":{"allow":["GET"]}}],"collection":[{"href":"https:\/\/fecovi.coop\/web\/wp-json\/wp\/v2\/posts"}],"about":[{"href":"https:\/\/fecovi.coop\/web\/wp-json\/wp\/v2\/types\/post"}],"author":[{"embeddable":true,"href":"https:\/\/fecovi.coop\/web\/wp-json\/wp\/v2\/users\/1"}],"replies":[{"embeddable":true,"href":"https:\/\/fecovi.coop\/web\/wp-json\/wp\/v2\/comments?post=9503"}],"version-history":[{"count":3,"href":"https:\/\/fecovi.coop\/web\/wp-json\/wp\/v2\/posts\/9503\/revisions"}],"predecessor-version":[{"id":9539,"href":"https:\/\/fecovi.coop\/web\/wp-json\/wp\/v2\/posts\/9503\/revisions\/9539"}],"wp:featuredmedia":[{"embeddable":true,"href":"https:\/\/fecovi.coop\/web\/wp-json\/wp\/v2\/media\/9506"}],"wp:attachment":[{"href":"https:\/\/fecovi.coop\/web\/wp-json\/wp\/v2\/media?parent=9503"}],"wp:term":[{"taxonomy":"category","embeddable":true,"href":"https:\/\/fecovi.coop\/web\/wp-json\/wp\/v2\/categories?post=9503"},{"taxonomy":"post_tag","embeddable":true,"href":"https:\/\/fecovi.coop\/web\/wp-json\/wp\/v2\/tags?post=9503"}],"curies":[{"name":"wp","href":"https:\/\/api.w.org\/{rel}","templated":true}]}}