{"id":9470,"date":"2022-11-16T12:24:11","date_gmt":"2022-11-16T12:24:11","guid":{"rendered":"https:\/\/fecovi.coop\/web\/?p=9470"},"modified":"2022-11-21T21:24:31","modified_gmt":"2022-11-21T21:24:31","slug":"comision-electoral-proclamo-a-las-nuevas-autoridades-de-fecovi-para-el-periodo-2022-2024","status":"publish","type":"post","link":"https:\/\/fecovi.coop\/web\/comision-electoral-proclamo-a-las-nuevas-autoridades-de-fecovi-para-el-periodo-2022-2024\/","title":{"rendered":"Comisi\u00f3n Electoral proclam\u00f3 a las nuevas autoridades de FECOVI para el periodo 2022-2024"},"content":{"rendered":"\n[Best_Wordpress_Gallery id=\u00bb37&#8243; gal_title=\u00bbAuridades 2022&#8243;]\n\n\n\n<p><\/p>\n\n\n\n<p><\/p>\n\n\n\n<p>En la tarde de ayer asumieron las nuevas autoridades que conducir\u00e1n el destino de la Federaci\u00f3n de Cooperativas de Vivienda de Usuarios por Ahorro Previo (FECOVI) hasta 2024, como resultado de la renovaci\u00f3n de cargos parciales que se llev\u00f3 adelante el pasado 29 de octubre.<\/p>\n\n\n\n<p>De los cinco cargos que se renovaron para el Consejo Directivo, resultaron electas cuatro cooperativistas y un cooperativista: Mariana Galv\u00e1n (cooperativa Verdesur), Alexandra Techera (cooperativa Buena Vista), Alicia C\u00e1ceres (cooperativa Coviappay2017), Mar\u00eda M\u00e9ndez (cooperativa Ucovi) y Daniel Logaldo (cooperativa El Ladrillo). Ellos se suman a los cuatro consejeros que permanec\u00edan en sus cargos por la elecci\u00f3n parcial anterior.<\/p>\n\n\n\n<p>Cabe resaltar que es la primera vez que habr\u00e1 paridad de g\u00e9nero entre consejeros y consejeras y que, luego de la deliberaci\u00f3n y de los acuerdos sobre las responsabilidades a desarrollar, la presidencia de la Federaci\u00f3n recay\u00f3 en la compa\u00f1era Mariana Galv\u00e1n. Otra buena noticia, luego de muchos a\u00f1os sin representaci\u00f3n, es que el flamante Consejo Directivo que comenzar\u00e1 a sesionar lo har\u00e1 representado por una cooperativista del Interior del pa\u00eds, Alicia C\u00e1ceres quien integra la cooperativa Coviappay 2017 de Paysand\u00fa.<\/p>\n\n\n\n<p><strong>Conformaci\u00f3n del nuevo Consejo Directivo:<\/strong><\/p>\n\n\n\n<p>Presidencia: Mariana Galv\u00e1n (Verdesur)<br>Vicepresidencia: Hugo Monta\u00f1o (San Antonio)<br>Secretar\u00eda General: Luis Llorca (Ra\u00edces Nuevas)<br>Tesorer\u00eda: Daniel Logaldo (El Ladrillo)<br>Secretar\u00eda de Actas: Miguel Carb\u00f3 (Vicman II)<br>Interior: Alicia C\u00e1ceres (Coviappay2017)<br>Tierras: Mar\u00eda M\u00e9ndez (Ucovi)<br>Movilizaci\u00f3n: Alexandra Techera (Buena Vista)<br>Prensa y Propaganda: Rafael Rey (Malec\u00f3n Mau\u00e1)<\/p>\n\n\n\n<p><strong>Suplentes<\/strong><\/p>\n\n\n\n<p>Ramiro Ricardo Laporta (Vicman I)<br>Luis Alberto Figarola (Vicman II)<br>Bruno Maddalena (Ra\u00edces Nuevas)<\/p>\n\n\n\n<h3 class=\"wp-block-heading\"><strong>Las restantes comisiones estatutarias se integran de la siguiente manera:<\/strong><\/h3>\n\n\n\n<p><strong>Integrantes de CEFIC:<\/strong><\/p>\n\n\n\n<p>Alba \u00c1lvarez (30 de febrero)<br>Alicia Bidegaray (San Antonio)<br>Laura Medina (Alondras del Prado)<br>Beatriz Garc\u00eda (30 de febrero)<br>Denis Luis Klaric (Coviafutu)<\/p>\n\n\n\n<p><strong>Suplentes<\/strong><\/p>\n\n\n\n<p>Carolina Rossi (Amar\u00fa)<br>Laura V\u00e1zquez (La Fuga)<br>Diego Nicol\u00e1s D\u00edaz (Vilari\u00f1a)<br>Sandra Raymondo (La Fuga)<br>Renzo Di Siervi (La Fuga)<\/p>\n\n\n\n<p><strong>Comisi\u00f3n Fiscal<\/strong><\/p>\n\n\n\n<p>C\u00e9sar Viera (Ra\u00edces Nuevas)<br>N\u00e9stor Pazos (AFAF 3)<\/p>\n\n\n\n<hr class=\"wp-block-separator has-alpha-channel-opacity\"\/>\n\n\n\n<h2 class=\"has-text-align-center wp-block-heading\">Semblanza de la nueva presidenta de FECOVI<\/h2>\n\n\n<div class=\"wp-block-image\">\n<figure class=\"aligncenter is-resized\"><img decoding=\"async\" src=\"https:\/\/fecovi.coop\/web\/wp-content\/uploads\/2022\/10\/1-4.jpg\" alt=\"\" width=\"-20\" height=\"-21\"\/><\/figure>\n<\/div>\n\n\n<p><\/p>\n\n\n\n<p class=\"has-text-align-center\">Mariana Galv\u00e1n es abogada, egresada de la Universidad de la Rep\u00fablica y posee una larga trayectoria de militancia universitaria y sindical. Tiene 42 a\u00f1os y es madre de Emma y Tom\u00e1s, de 4 a\u00f1os. Se integr\u00f3 a FECOVI en 2016, a\u00f1o en que se conform\u00f3 su cooperativa Verdesur, de la que es socia fundadora. En ella tambi\u00e9n ha ocupado cargos de direcci\u00f3n.<\/p>\n\n\n\n<hr class=\"wp-block-separator has-alpha-channel-opacity\"\/>\n","protected":false},"excerpt":{"rendered":"<p>En la tarde de ayer asumieron las nuevas autoridades que conducir\u00e1n el destino de la Federaci\u00f3n de Cooperativas de Vivienda de Usuarios por Ahorro Previo (FECOVI) hasta 2024, como resultado &#8230;<\/p>\n","protected":false},"author":1,"featured_media":9487,"comment_status":"closed","ping_status":"closed","sticky":false,"template":"","format":"standard","meta":{"footnotes":""},"categories":[2],"tags":[],"class_list":["post-9470","post","type-post","status-publish","format-standard","has-post-thumbnail","hentry","category-noticias"],"_links":{"self":[{"href":"https:\/\/fecovi.coop\/web\/wp-json\/wp\/v2\/posts\/9470","targetHints":{"allow":["GET"]}}],"collection":[{"href":"https:\/\/fecovi.coop\/web\/wp-json\/wp\/v2\/posts"}],"about":[{"href":"https:\/\/fecovi.coop\/web\/wp-json\/wp\/v2\/types\/post"}],"author":[{"embeddable":true,"href":"https:\/\/fecovi.coop\/web\/wp-json\/wp\/v2\/users\/1"}],"replies":[{"embeddable":true,"href":"https:\/\/fecovi.coop\/web\/wp-json\/wp\/v2\/comments?post=9470"}],"version-history":[{"count":17,"href":"https:\/\/fecovi.coop\/web\/wp-json\/wp\/v2\/posts\/9470\/revisions"}],"predecessor-version":[{"id":9528,"href":"https:\/\/fecovi.coop\/web\/wp-json\/wp\/v2\/posts\/9470\/revisions\/9528"}],"wp:featuredmedia":[{"embeddable":true,"href":"https:\/\/fecovi.coop\/web\/wp-json\/wp\/v2\/media\/9487"}],"wp:attachment":[{"href":"https:\/\/fecovi.coop\/web\/wp-json\/wp\/v2\/media?parent=9470"}],"wp:term":[{"taxonomy":"category","embeddable":true,"href":"https:\/\/fecovi.coop\/web\/wp-json\/wp\/v2\/categories?post=9470"},{"taxonomy":"post_tag","embeddable":true,"href":"https:\/\/fecovi.coop\/web\/wp-json\/wp\/v2\/tags?post=9470"}],"curies":[{"name":"wp","href":"https:\/\/api.w.org\/{rel}","templated":true}]}}