{"id":9384,"date":"2022-11-09T01:36:33","date_gmt":"2022-11-09T01:36:33","guid":{"rendered":"https:\/\/fecovi.coop\/web\/?p=9384"},"modified":"2022-11-09T01:41:50","modified_gmt":"2022-11-09T01:41:50","slug":"9384","status":"publish","type":"post","link":"https:\/\/fecovi.coop\/web\/9384\/","title":{"rendered":"Comunicado de prensa"},"content":{"rendered":"\n<p class=\"has-text-align-right\">Montevideo, 08 de noviembre de 2022<\/p>\n\n\n\n<h2 class=\"has-text-align-center wp-block-heading\">COMUNICADO P\u00daBLICO<\/h2>\n\n\n\n<p>La Federaci\u00f3n de Cooperativas de Vivienda de Usuarios por Ahorro Previo (FECOVI) comunica el cambio de fecha del cuarto encuentro del Ciclo de reflexi\u00f3n e intercambio sobre vivienda social en Uruguay. El encuentro es abierto al p\u00fablico y se llevar\u00e1 a cabo el mi\u00e9rcoles 16 de noviembre a la hora 19:00 en el Sal\u00f3n de Actos de FECOVI, ubicado en Canelones 990 (Montevideo).<\/p>\n\n\n\n<p>Dicha jornada contar\u00e1 con las ponencias de las doctoras Irene Moreira y Graciela Fern\u00e1ndez, ministra de Vivienda y Ordenamiento Territorial de Uruguay y presidenta de Cooperativas de las Am\u00e9ricas y vicepresidenta de la Alianza Cooperativa Internacional, respectivamente.<\/p>\n\n\n\n<p>El Ciclo de debate sobre la vivienda social en Uruguay, su estado actual, los fondos estatales y las perspectivas futuras, reuni\u00f3 en tres instancias a m\u00e1ximas autoridades nacionales y departamentales, destacados acad\u00e9micos y referentes pol\u00edticos y sociales los d\u00edas 09, 12 y 19 de octubre. De cada intercambio se realiz\u00f3 una relator\u00eda escrita, que se presentar\u00e1 en un documento con<br>conclusiones preliminares en esta \u00faltima jornada del 16 de noviembre, la cual contar\u00e1 con la presencia de las y los expositores del ciclo.<\/p>\n\n\n\n<p class=\"has-text-align-center\">Atentamente.<br>Consejo Directivo<br>FECOVI<\/p>\n","protected":false},"excerpt":{"rendered":"<p>Montevideo, 08 de noviembre de 2022 COMUNICADO P\u00daBLICO La Federaci\u00f3n de Cooperativas de Vivienda de Usuarios por Ahorro Previo (FECOVI) comunica el cambio de fecha del cuarto encuentro del Ciclo &#8230;<\/p>\n","protected":false},"author":1,"featured_media":9386,"comment_status":"closed","ping_status":"closed","sticky":false,"template":"","format":"standard","meta":{"footnotes":""},"categories":[2],"tags":[],"class_list":["post-9384","post","type-post","status-publish","format-standard","has-post-thumbnail","hentry","category-noticias"],"_links":{"self":[{"href":"https:\/\/fecovi.coop\/web\/wp-json\/wp\/v2\/posts\/9384","targetHints":{"allow":["GET"]}}],"collection":[{"href":"https:\/\/fecovi.coop\/web\/wp-json\/wp\/v2\/posts"}],"about":[{"href":"https:\/\/fecovi.coop\/web\/wp-json\/wp\/v2\/types\/post"}],"author":[{"embeddable":true,"href":"https:\/\/fecovi.coop\/web\/wp-json\/wp\/v2\/users\/1"}],"replies":[{"embeddable":true,"href":"https:\/\/fecovi.coop\/web\/wp-json\/wp\/v2\/comments?post=9384"}],"version-history":[{"count":2,"href":"https:\/\/fecovi.coop\/web\/wp-json\/wp\/v2\/posts\/9384\/revisions"}],"predecessor-version":[{"id":9387,"href":"https:\/\/fecovi.coop\/web\/wp-json\/wp\/v2\/posts\/9384\/revisions\/9387"}],"wp:featuredmedia":[{"embeddable":true,"href":"https:\/\/fecovi.coop\/web\/wp-json\/wp\/v2\/media\/9386"}],"wp:attachment":[{"href":"https:\/\/fecovi.coop\/web\/wp-json\/wp\/v2\/media?parent=9384"}],"wp:term":[{"taxonomy":"category","embeddable":true,"href":"https:\/\/fecovi.coop\/web\/wp-json\/wp\/v2\/categories?post=9384"},{"taxonomy":"post_tag","embeddable":true,"href":"https:\/\/fecovi.coop\/web\/wp-json\/wp\/v2\/tags?post=9384"}],"curies":[{"name":"wp","href":"https:\/\/api.w.org\/{rel}","templated":true}]}}