{"id":9340,"date":"2022-10-29T19:56:26","date_gmt":"2022-10-29T19:56:26","guid":{"rendered":"https:\/\/fecovi.coop\/web\/?p=9340"},"modified":"2022-10-29T23:01:08","modified_gmt":"2022-10-29T23:01:08","slug":"fecovi-celebro-elecciones-parciales","status":"publish","type":"post","link":"https:\/\/fecovi.coop\/web\/fecovi-celebro-elecciones-parciales\/","title":{"rendered":"FECOVI celebr\u00f3 elecciones parciales\u00a0"},"content":{"rendered":"\n[Best_Wordpress_Gallery id=\u00bb33&#8243; gal_title=\u00bbElecciones 2022&#8243;]\n\n\n\n<p><strong>Fuente:<\/strong> Comunicaci\u00f3n de FECOVI.<\/p>\n\n\n\n<p>Las elecciones parciales de la Federaci\u00f3n de Cooperativas de Vivienda de Usuarios por Ahorro Previo (FECOVI) que se desarrollaron este s\u00e1bado 29 de octubre en la sede de la federaci\u00f3n, tuvieron el objetivo de renovar autoridades que representar\u00e1n a las cooperativas en el Consejo Directivo (10 cargos), en la Comisi\u00f3n de Educaci\u00f3n, Fomento e Integraci\u00f3n Cooperativa (CEFIC, 7 cargos) y en la Comisi\u00f3n Fiscal (4 cargos). Las cooperativas del Interior del pa\u00eds sufragaron mediante la modalidad de voto postal.<\/p>\n\n\n\n<p>La elecci\u00f3n comenz\u00f3 a la hora 11:00 y cerca del mediod\u00eda treinta y cinco representantes elegidos por las cooperativas ya hab\u00edan emitido su voto. La jornada electoral culmin\u00f3 a las 15:00 horas con un total de cuarenta y nueve votos emitidos. De ellos, dos votos fueron observados y dos fueron anulados. &nbsp;<\/p>\n\n\n\n<p>Ciento doce cooperativas de Montevideo, Canelones, San Jos\u00e9, Maldonado y Paysand\u00fa estaban habilitadas para sufragar, representadas por ciento cuarenta y siete delegados.<\/p>\n\n\n\n<p>Nueve candidatos se postularon al Consejo Directivo, ocho candidatos se postularon a CEFIC y dos candidatos se postularon a la Comisi\u00f3n Fiscal. Las cooperativas que presentaron candidatos fueron: Verdesur, Coviappay 2017, el Ladrillo, Buena Vista, Ucovi (Consejo Directivo), Vicman II (dos candidatos al Consejo Directivo), Ra\u00edces Nuevas (un candidato al Consejo Directivo y uno a Comisi\u00f3n Fiscal), Vicman I, AFAF 3 (Comisi\u00f3n Fiscal), 30 de febrero, Amar\u00fa, Coviafutu, Vilari\u00f1a, Andamios (CEFIC) y la Fuga (tres candidatos a CEFIC).<\/p>\n\n\n\n<p>La mesa electoral estuvo conformada por los cooperativistas Marta de Oliveira, Andr\u00e9s Olivera y Sebasti\u00e1n Betervide en calidad de miembros de la Comisi\u00f3n Electoral. La jornada fue acompa\u00f1ada por los directivos Zulma Perdomo y Daniel Logaldo.<\/p>\n\n\n\n<p><\/p>\n\n\n\n<p><strong>Los resultados alcanzados fueron los siguientes:<\/strong><\/p>\n\n\n\n<p><\/p>\n\n\n\n<p><strong>Titulares al Consejo Directivo:<\/strong><\/p>\n\n\n\n<p>Alicia Mariana Galv\u00e1n (cooperativa Verdesur) 35 votos<\/p>\n\n\n\n<p>Mar\u00eda Alexandra Techera (Buena Vista) 30 votos<\/p>\n\n\n\n<p>Daniel Logaldo (El Ladrillo) 26 votos<\/p>\n\n\n\n<p>Alicia Raquel C\u00e1ceres (cooperativa Coviappay 2017) 22 votos<\/p>\n\n\n\n<p>Mar\u00eda Lourdes M\u00e9ndez (Ucovi) 22 votos<\/p>\n\n\n\n<p><\/p>\n\n\n\n<p><strong>Suplentes:<\/strong><\/p>\n\n\n\n<p>Ramiro Ricardo Laporta (Vicman I) 19 votos<\/p>\n\n\n\n<p>Miguel \u00c1ngel Carb\u00f3 (Vicman II) 18 votos <\/p>\n\n\n\n<p>Luis Alberto Figarola (Vicman II) 16 votos<\/p>\n\n\n\n<p>Bruno Maddalena (Ra\u00edces Nuevas)c 15 votos<\/p>\n\n\n\n<p><\/p>\n\n\n\n<p><strong>Titulares a la Comisi\u00f3n de Comisi\u00f3n de Educaci\u00f3n, Fomento e Integraci\u00f3n Cooperativa (CEFIC)<\/strong><\/p>\n\n\n\n<p>Jos\u00e9 Dar\u00edo Fiorelli (Andamios) 19 votos<\/p>\n\n\n\n<p>Beatriz Jessica Garc\u00eda (30 de febrero) 18 votos<\/p>\n\n\n\n<p><\/p>\n\n\n\n<p><strong>Suplentes:<\/strong><\/p>\n\n\n\n<p>Denis Luis Klaric (Coviafutu) 15 votos<\/p>\n\n\n\n<p>Carolina Rossi (Amar\u00fa) 11 votos<\/p>\n\n\n\n<p>Laura V\u00e1zquez (La Fuga) 10 votos<\/p>\n\n\n\n<p>Diego Nicol\u00e1s D\u00edaz (Vilari\u00f1a) 6 votos<\/p>\n\n\n\n<p>Sandra Raymondo (La Fuga) 3 votos<\/p>\n\n\n\n<p>Renzo di Siervi 1 voto<\/p>\n\n\n\n<p><strong>Titulares a la Comisi\u00f3n Fiscal<\/strong><\/p>\n\n\n\n<p>C\u00e9sar Nicol\u00e1s Viera (Ra\u00edces Nuevas) 42 votos<\/p>\n\n\n\n<p>N\u00e9stor Antonio Pazos (AFAF 3) 37 votos<\/p>\n\n\n\n<p>La informaci\u00f3n aqu\u00ed contenida es informaci\u00f3n primaria. En las pr\u00f3ximas horas la Comisi\u00f3n Electoral comunicar\u00e1 los resultados oficiales y los procedimientos siguientes. <\/p>\n","protected":false},"excerpt":{"rendered":"<p>Fuente: Comunicaci\u00f3n de FECOVI. Las elecciones parciales de la Federaci\u00f3n de Cooperativas de Vivienda de Usuarios por Ahorro Previo (FECOVI) que se desarrollaron este s\u00e1bado 29 de octubre en la &#8230;<\/p>\n","protected":false},"author":1,"featured_media":9342,"comment_status":"closed","ping_status":"closed","sticky":false,"template":"","format":"standard","meta":{"footnotes":""},"categories":[2],"tags":[],"class_list":["post-9340","post","type-post","status-publish","format-standard","has-post-thumbnail","hentry","category-noticias"],"_links":{"self":[{"href":"https:\/\/fecovi.coop\/web\/wp-json\/wp\/v2\/posts\/9340","targetHints":{"allow":["GET"]}}],"collection":[{"href":"https:\/\/fecovi.coop\/web\/wp-json\/wp\/v2\/posts"}],"about":[{"href":"https:\/\/fecovi.coop\/web\/wp-json\/wp\/v2\/types\/post"}],"author":[{"embeddable":true,"href":"https:\/\/fecovi.coop\/web\/wp-json\/wp\/v2\/users\/1"}],"replies":[{"embeddable":true,"href":"https:\/\/fecovi.coop\/web\/wp-json\/wp\/v2\/comments?post=9340"}],"version-history":[{"count":4,"href":"https:\/\/fecovi.coop\/web\/wp-json\/wp\/v2\/posts\/9340\/revisions"}],"predecessor-version":[{"id":9348,"href":"https:\/\/fecovi.coop\/web\/wp-json\/wp\/v2\/posts\/9340\/revisions\/9348"}],"wp:featuredmedia":[{"embeddable":true,"href":"https:\/\/fecovi.coop\/web\/wp-json\/wp\/v2\/media\/9342"}],"wp:attachment":[{"href":"https:\/\/fecovi.coop\/web\/wp-json\/wp\/v2\/media?parent=9340"}],"wp:term":[{"taxonomy":"category","embeddable":true,"href":"https:\/\/fecovi.coop\/web\/wp-json\/wp\/v2\/categories?post=9340"},{"taxonomy":"post_tag","embeddable":true,"href":"https:\/\/fecovi.coop\/web\/wp-json\/wp\/v2\/tags?post=9340"}],"curies":[{"name":"wp","href":"https:\/\/api.w.org\/{rel}","templated":true}]}}