{"id":9306,"date":"2022-10-25T10:45:43","date_gmt":"2022-10-25T10:45:43","guid":{"rendered":"https:\/\/fecovi.coop\/web\/?p=9306"},"modified":"2022-10-25T14:28:39","modified_gmt":"2022-10-25T14:28:39","slug":"presidenta-de-ccvamp-de-paraguay-el-gobierno-intenta-arremeter-contra-el-modelo-cooperativista-de-vivienda","status":"publish","type":"post","link":"https:\/\/fecovi.coop\/web\/presidenta-de-ccvamp-de-paraguay-el-gobierno-intenta-arremeter-contra-el-modelo-cooperativista-de-vivienda\/","title":{"rendered":"Presidenta de Ccvamp de Paraguay: \u201cel gobierno intenta arremeter contra el modelo cooperativista de vivienda\u201d."},"content":{"rendered":"\n<figure class=\"wp-block-image size-full\"><img loading=\"lazy\" decoding=\"async\" width=\"900\" height=\"506\" src=\"https:\/\/fecovi.coop\/web\/wp-content\/uploads\/2022\/10\/Zulma-Rojas-1.jpg\" alt=\"\" class=\"wp-image-9308\" srcset=\"https:\/\/fecovi.coop\/web\/wp-content\/uploads\/2022\/10\/Zulma-Rojas-1.jpg 900w, https:\/\/fecovi.coop\/web\/wp-content\/uploads\/2022\/10\/Zulma-Rojas-1-300x169.jpg 300w, https:\/\/fecovi.coop\/web\/wp-content\/uploads\/2022\/10\/Zulma-Rojas-1-768x432.jpg 768w\" sizes=\"auto, (max-width: 900px) 100vw, 900px\" \/><\/figure>\n\n\n\n<p>Del 24 al 27 de octubre se desarrolla en la Asunci\u00f3n, capital de Paraguay, la VI Cumbre Cooperativa de las Am\u00e9ricas, bajo la consigna \u201cEl compromiso cooperativo para la reconstrucci\u00f3n y el cuidado de nuestra comunidad local y global\u201d.\u00a0En este marco, la Federaci\u00f3n de Cooperativas de Vivienda de Usuarios por Ahorro Previo (Fecovi) dialog\u00f3 con Zulma Rojas, presidenta de la Central de Cooperativas de Viviendas de Ayuda Mutua de Paraguay (Ccvamp), quien expres\u00f3 que \u201cel gobierno intenta desconocer y eliminar la Ley Nacional de Vivienda\u201d.\u00a0\u00a0<\/p>\n\n\n\n<p><strong>\u00bfC\u00f3mo surge el cooperativismo de Vivienda en Paraguay y cu\u00e1ntas cooperativas re\u00fane actualmente la central?<\/strong><\/p>\n\n\n\n<p>El modelo cooperativo de Ayuda Mutua se instal\u00f3 en Paraguay a instancias de la Federaci\u00f3n Uruguaya de Cooperativas de Viviendas por Ayuda Mutua (Fucvam) que nos brindaron asesoramiento y apoyo en la creaci\u00f3n y desarrollo, especialmente en el aspecto organizativo, que es uno de los pilares m\u00e1s importantes de este modelo. Desde entonces hemos tenido una experiencia muy rica con el movimiento de cooperativas de viviendas. Rescatamos la experiencia de convivencia desde el inicio y el tiempo de organizaci\u00f3n y de obra.<\/p>\n\n\n\n<p>Las primeras cooperativas se fundaron entre 1999 y 2000. Posteriormente, en 2003 se cre\u00f3 la Ley Nacional de Vivienda, que rige en la actualidad y que ahora el gobierno intenta modificar. Puntualmente quieren eliminar el sistema de usuarios y tambi\u00e9n se est\u00e1 desconociendo y desplazando abiertamente el aporte que hacemos en ayuda mutua.<\/p>\n\n\n\n<p><strong>\u00bfEs un modelo exitoso que le ha dado soluci\u00f3n a cu\u00e1ntas familias en Paraguay?<\/strong><\/p>\n\n\n\n<p>En mi cooperativa somos trescientas familias, luego tenemos esparcidas cooperativas de treinta viviendas en varias ciudades, incluso en zonas rurales, que totalizan unas quinientas viviendas.<\/p>\n\n\n\n<p><strong>Siendo un modelo tan exitoso que ha logrado construir y organizar socialmente a la comunidad, con capacidad de dar respuesta a la demanda habitacional de m\u00e1s de quinientas familias, \u00bfpor qu\u00e9 algunos actores del gobierno pretenden eliminarlo?<\/strong><\/p>\n\n\n\n<p>En la l\u00f3gica de un sistema capitalista, los gobernantes no aprecian que las y los paraguayos podamos organizarnos por nosotros mismos y que el asistencialismo, especialmente pol\u00edtico-partidario, tenga que erradicarse. Sabemos que las organizaciones tendemos a no depender de ning\u00fan pol\u00edtico para poder crecer como organizaci\u00f3n y para desarrollarnos como personas. Hay muchas \u00e1reas que se cercenan con este tipo de sistema, porque somos nosotras y nosotros mismos y no aportamos mucho a la cuesti\u00f3n asistencialista del gobierno y de los gobiernos que van sucedi\u00e9ndose en nuestro pa\u00eds. Por lo visto molestamos.<\/p>\n\n\n\n<p>Fecovi junto a Fucvam y CCU asumieron el compromiso de colaborar con las y los compa\u00f1eros paraguayos para impedir que se destruya injustificadamente y por m\u00f3viles oscuros, un sistema que funciona y que deber\u00eda ser potenciado.<\/p>\n","protected":false},"excerpt":{"rendered":"<p>Del 24 al 27 de octubre se desarrolla en la Asunci\u00f3n, capital de Paraguay, la VI Cumbre Cooperativa de las Am\u00e9ricas, bajo la consigna \u201cEl compromiso cooperativo para la reconstrucci\u00f3n &#8230;<\/p>\n","protected":false},"author":1,"featured_media":9308,"comment_status":"closed","ping_status":"closed","sticky":false,"template":"","format":"standard","meta":{"footnotes":""},"categories":[2],"tags":[],"class_list":["post-9306","post","type-post","status-publish","format-standard","has-post-thumbnail","hentry","category-noticias"],"_links":{"self":[{"href":"https:\/\/fecovi.coop\/web\/wp-json\/wp\/v2\/posts\/9306","targetHints":{"allow":["GET"]}}],"collection":[{"href":"https:\/\/fecovi.coop\/web\/wp-json\/wp\/v2\/posts"}],"about":[{"href":"https:\/\/fecovi.coop\/web\/wp-json\/wp\/v2\/types\/post"}],"author":[{"embeddable":true,"href":"https:\/\/fecovi.coop\/web\/wp-json\/wp\/v2\/users\/1"}],"replies":[{"embeddable":true,"href":"https:\/\/fecovi.coop\/web\/wp-json\/wp\/v2\/comments?post=9306"}],"version-history":[{"count":4,"href":"https:\/\/fecovi.coop\/web\/wp-json\/wp\/v2\/posts\/9306\/revisions"}],"predecessor-version":[{"id":9315,"href":"https:\/\/fecovi.coop\/web\/wp-json\/wp\/v2\/posts\/9306\/revisions\/9315"}],"wp:featuredmedia":[{"embeddable":true,"href":"https:\/\/fecovi.coop\/web\/wp-json\/wp\/v2\/media\/9308"}],"wp:attachment":[{"href":"https:\/\/fecovi.coop\/web\/wp-json\/wp\/v2\/media?parent=9306"}],"wp:term":[{"taxonomy":"category","embeddable":true,"href":"https:\/\/fecovi.coop\/web\/wp-json\/wp\/v2\/categories?post=9306"},{"taxonomy":"post_tag","embeddable":true,"href":"https:\/\/fecovi.coop\/web\/wp-json\/wp\/v2\/tags?post=9306"}],"curies":[{"name":"wp","href":"https:\/\/api.w.org\/{rel}","templated":true}]}}