{"id":9096,"date":"2022-09-22T04:36:09","date_gmt":"2022-09-22T04:36:09","guid":{"rendered":"https:\/\/fecovi.coop\/web\/?p=9096"},"modified":"2022-10-22T05:55:03","modified_gmt":"2022-10-22T05:55:03","slug":"elecciones-parciales-fecovi-2022","status":"publish","type":"post","link":"https:\/\/fecovi.coop\/web\/elecciones-parciales-fecovi-2022\/","title":{"rendered":"ELECCIONES PARCIALES FECOVI 2022"},"content":{"rendered":"\t\t<div data-elementor-type=\"wp-post\" data-elementor-id=\"9096\" class=\"elementor elementor-9096\" data-elementor-settings=\"[]\">\n\t\t\t\t\t\t<div class=\"elementor-inner\">\n\t\t\t\t\t\t\t<div class=\"elementor-section-wrap\">\n\t\t\t\t\t\t\t<section class=\"elementor-section elementor-top-section elementor-element elementor-element-36d1178d elementor-section-boxed elementor-section-height-default elementor-section-height-default\" data-id=\"36d1178d\" data-element_type=\"section\">\n\t\t\t\t\t\t<div class=\"elementor-container elementor-column-gap-default\">\n\t\t\t\t\t\t\t<div class=\"elementor-row\">\n\t\t\t\t\t<div class=\"elementor-column elementor-col-100 elementor-top-column elementor-element elementor-element-f496e72\" data-id=\"f496e72\" data-element_type=\"column\">\n\t\t\t<div class=\"elementor-column-wrap elementor-element-populated\">\n\t\t\t\t\t\t\t<div class=\"elementor-widget-wrap\">\n\t\t\t\t\t\t<div class=\"elementor-element elementor-element-6994767e elementor-widget elementor-widget-text-editor\" data-id=\"6994767e\" data-element_type=\"widget\" data-widget_type=\"text-editor.default\">\n\t\t\t\t<div class=\"elementor-widget-container\">\n\t\t\t\t\t<div class=\"elementor-text-editor elementor-clearfix\"><p><!-- wp:image {\"align\":\"center\",\"id\":9051} --><\/p>\n<figure class=\"wp-block-image aligncenter\"><img loading=\"lazy\" decoding=\"async\" width=\"473\" height=\"577\" class=\"wp-image-9051\" src=\"https:\/\/fecovi.coop\/web\/wp-content\/uploads\/2022\/10\/2-1.jpg\" alt=\"\" srcset=\"https:\/\/fecovi.coop\/web\/wp-content\/uploads\/2022\/10\/2-1.jpg 473w, https:\/\/fecovi.coop\/web\/wp-content\/uploads\/2022\/10\/2-1-246x300.jpg 246w\" sizes=\"auto, (max-width: 473px) 100vw, 473px\" \/><\/figure>\n<p><!-- \/wp:paragraph --><\/p>\n<p><!-- wp:paragraph --><\/p>\n<p><!-- \/wp:paragraph --><\/p><\/div>\n\t\t\t\t<\/div>\n\t\t\t\t<\/div>\n\t\t\t\t\t\t<\/div>\n\t\t\t\t\t<\/div>\n\t\t<\/div>\n\t\t\t\t\t\t\t\t<\/div>\n\t\t\t\t\t<\/div>\n\t\t<\/section>\n\t\t\t\t<section class=\"elementor-section elementor-top-section elementor-element elementor-element-9947557 elementor-section-boxed elementor-section-height-default elementor-section-height-default\" data-id=\"9947557\" data-element_type=\"section\">\n\t\t\t\t\t\t<div class=\"elementor-container elementor-column-gap-default\">\n\t\t\t\t\t\t\t<div class=\"elementor-row\">\n\t\t\t\t\t<div class=\"elementor-column elementor-col-100 elementor-top-column elementor-element elementor-element-3f43d0c\" data-id=\"3f43d0c\" data-element_type=\"column\">\n\t\t\t<div class=\"elementor-column-wrap elementor-element-populated\">\n\t\t\t\t\t\t\t<div class=\"elementor-widget-wrap\">\n\t\t\t\t\t\t<div class=\"elementor-element elementor-element-0abce5a elementor-widget elementor-widget-text-editor\" data-id=\"0abce5a\" data-element_type=\"widget\" data-widget_type=\"text-editor.default\">\n\t\t\t\t<div class=\"elementor-widget-container\">\n\t\t\t\t\t<div class=\"elementor-text-editor elementor-clearfix\"><h3 style=\"text-align: center;\"><strong><span dir=\"ltr\" role=\"presentation\">CANDIDATOS AL<\/span> <span dir=\"ltr\" role=\"presentation\">CONSEJO DIRECTIVO<\/span><\/strong><\/h3><\/div>\n\t\t\t\t<\/div>\n\t\t\t\t<\/div>\n\t\t\t\t<section class=\"elementor-section elementor-inner-section elementor-element elementor-element-abdc9c1 elementor-section-boxed elementor-section-height-default elementor-section-height-default\" data-id=\"abdc9c1\" data-element_type=\"section\">\n\t\t\t\t\t\t<div class=\"elementor-container elementor-column-gap-default\">\n\t\t\t\t\t\t\t<div class=\"elementor-row\">\n\t\t\t\t\t<div class=\"elementor-column elementor-col-50 elementor-inner-column elementor-element elementor-element-0485992\" data-id=\"0485992\" data-element_type=\"column\">\n\t\t\t<div class=\"elementor-column-wrap elementor-element-populated\">\n\t\t\t\t\t\t\t<div class=\"elementor-widget-wrap\">\n\t\t\t\t\t\t<div class=\"elementor-element elementor-element-6cdba0c elementor-widget elementor-widget-image\" data-id=\"6cdba0c\" data-element_type=\"widget\" data-widget_type=\"image.default\">\n\t\t\t\t<div class=\"elementor-widget-container\">\n\t\t\t\t\t<div class=\"elementor-image\">\n\t\t\t\t\t\t\t<figure class=\"wp-caption\">\n\t\t\t\t\t\t\t\t\t\t<img loading=\"lazy\" decoding=\"async\" width=\"198\" height=\"222\" src=\"https:\/\/fecovi.coop\/web\/wp-content\/uploads\/2022\/10\/1-4.jpg\" class=\"attachment-large size-large\" alt=\"\" \/>\t\t\t\t\t\t\t\t\t\t\t<figcaption class=\"widget-image-caption wp-caption-text\">ALICIA MARIANA GALV\u00c1N RIVERO<\/figcaption>\n\t\t\t\t\t\t\t\t\t\t<\/figure>\n\t\t\t\t\t<\/div>\n\t\t\t\t<\/div>\n\t\t\t\t<\/div>\n\t\t\t\t\t\t<\/div>\n\t\t\t\t\t<\/div>\n\t\t<\/div>\n\t\t\t\t<div class=\"elementor-column elementor-col-50 elementor-inner-column elementor-element elementor-element-28c9d10\" data-id=\"28c9d10\" data-element_type=\"column\">\n\t\t\t<div class=\"elementor-column-wrap elementor-element-populated\">\n\t\t\t\t\t\t\t<div class=\"elementor-widget-wrap\">\n\t\t\t\t\t\t<div class=\"elementor-element elementor-element-592fb8e elementor-widget elementor-widget-text-editor\" data-id=\"592fb8e\" data-element_type=\"widget\" data-widget_type=\"text-editor.default\">\n\t\t\t\t<div class=\"elementor-widget-container\">\n\t\t\t\t\t<div class=\"elementor-text-editor elementor-clearfix\"><h3>Cooperativa Verdesur<\/h3>\n<p>Mariana es socia fundadora de la Cooperativa Verdesur, fue electa por segunda vez como presidenta de la misma en la actualidad. Anteriormente cumpli\u00f3 funciones como<br \/>secretaria. Es abogada, madre de Emma y Tom\u00e1s de 4 a\u00f1os y pareja de Germ\u00e1n.\u00a0Es activa, dispuesta y orientada a resultados. En la actualidad trabaja como administrativa en una Multinacional y concilia con el ejercicio libre de la profesi\u00f3n. Se considera comprometida con los principios cooperativos y desea que la Federaci\u00f3n contin\u00fae creciendo y apoyando a sus socios.<\/p><\/div>\n\t\t\t\t<\/div>\n\t\t\t\t<\/div>\n\t\t\t\t\t\t<\/div>\n\t\t\t\t\t<\/div>\n\t\t<\/div>\n\t\t\t\t\t\t\t\t<\/div>\n\t\t\t\t\t<\/div>\n\t\t<\/section>\n\t\t\t\t<section class=\"elementor-section elementor-inner-section elementor-element elementor-element-56b7cc0 elementor-section-boxed elementor-section-height-default elementor-section-height-default\" data-id=\"56b7cc0\" data-element_type=\"section\">\n\t\t\t\t\t\t<div class=\"elementor-container elementor-column-gap-default\">\n\t\t\t\t\t\t\t<div class=\"elementor-row\">\n\t\t\t\t\t<div class=\"elementor-column elementor-col-50 elementor-inner-column elementor-element elementor-element-53fa1f8\" data-id=\"53fa1f8\" data-element_type=\"column\">\n\t\t\t<div class=\"elementor-column-wrap elementor-element-populated\">\n\t\t\t\t\t\t\t<div class=\"elementor-widget-wrap\">\n\t\t\t\t\t\t<div class=\"elementor-element elementor-element-b7f7c56 elementor-widget elementor-widget-image\" data-id=\"b7f7c56\" data-element_type=\"widget\" data-widget_type=\"image.default\">\n\t\t\t\t<div class=\"elementor-widget-container\">\n\t\t\t\t\t<div class=\"elementor-image\">\n\t\t\t\t\t\t\t<figure class=\"wp-caption\">\n\t\t\t\t\t\t\t\t\t\t<img loading=\"lazy\" decoding=\"async\" width=\"198\" height=\"222\" src=\"https:\/\/fecovi.coop\/web\/wp-content\/uploads\/2022\/10\/2-2.jpg\" class=\"attachment-large size-large\" alt=\"\" \/>\t\t\t\t\t\t\t\t\t\t\t<figcaption class=\"widget-image-caption wp-caption-text\">ALICIA RAQUEL C\u00c1CERES ART\u00cdA<\/figcaption>\n\t\t\t\t\t\t\t\t\t\t<\/figure>\n\t\t\t\t\t<\/div>\n\t\t\t\t<\/div>\n\t\t\t\t<\/div>\n\t\t\t\t\t\t<\/div>\n\t\t\t\t\t<\/div>\n\t\t<\/div>\n\t\t\t\t<div class=\"elementor-column elementor-col-50 elementor-inner-column elementor-element elementor-element-e61ea00\" data-id=\"e61ea00\" data-element_type=\"column\">\n\t\t\t<div class=\"elementor-column-wrap elementor-element-populated\">\n\t\t\t\t\t\t\t<div class=\"elementor-widget-wrap\">\n\t\t\t\t\t\t<div class=\"elementor-element elementor-element-44d9ee2 elementor-widget elementor-widget-text-editor\" data-id=\"44d9ee2\" data-element_type=\"widget\" data-widget_type=\"text-editor.default\">\n\t\t\t\t<div class=\"elementor-widget-container\">\n\t\t\t\t\t<div class=\"elementor-text-editor elementor-clearfix\"><h3>Cooperativa Coviappay 2017<\/h3>\n<p>Alicia est\u00e1 casada desde hace 40 a\u00f1os con Jos\u00e9, tiene 3 hijos y 2 nietos. Ingres\u00f3 a Coviappay 2017 en 2019, teniendo participaci\u00f3n en otros sistemas cooperativos desde 1983. <br \/>Es jubilada docente. En los a\u00f1os de actividad integr\u00f3 el gremio y las ATD lineales a trav\u00e9s de los que adquiri\u00f3 importante experiencia de trabajo y participaci\u00f3n. Considera fundamental la representaci\u00f3n del Interior del pa\u00eds y de las mujeres para el fortalecimiento, desarrollo e integraci\u00f3n del movimiento cooperativo.<\/p><\/div>\n\t\t\t\t<\/div>\n\t\t\t\t<\/div>\n\t\t\t\t\t\t<\/div>\n\t\t\t\t\t<\/div>\n\t\t<\/div>\n\t\t\t\t\t\t\t\t<\/div>\n\t\t\t\t\t<\/div>\n\t\t<\/section>\n\t\t\t\t<section class=\"elementor-section elementor-inner-section elementor-element elementor-element-4d9ecfb elementor-section-boxed elementor-section-height-default elementor-section-height-default\" data-id=\"4d9ecfb\" data-element_type=\"section\">\n\t\t\t\t\t\t<div class=\"elementor-container elementor-column-gap-default\">\n\t\t\t\t\t\t\t<div class=\"elementor-row\">\n\t\t\t\t\t<div class=\"elementor-column elementor-col-50 elementor-inner-column elementor-element elementor-element-207f317\" data-id=\"207f317\" data-element_type=\"column\">\n\t\t\t<div class=\"elementor-column-wrap elementor-element-populated\">\n\t\t\t\t\t\t\t<div class=\"elementor-widget-wrap\">\n\t\t\t\t\t\t<div class=\"elementor-element elementor-element-bbebb9a elementor-widget elementor-widget-image\" data-id=\"bbebb9a\" data-element_type=\"widget\" data-widget_type=\"image.default\">\n\t\t\t\t<div class=\"elementor-widget-container\">\n\t\t\t\t\t<div class=\"elementor-image\">\n\t\t\t\t\t\t\t<figure class=\"wp-caption\">\n\t\t\t\t\t\t\t\t\t\t<img loading=\"lazy\" decoding=\"async\" width=\"198\" height=\"222\" src=\"https:\/\/fecovi.coop\/web\/wp-content\/uploads\/2022\/10\/3-1.jpg\" class=\"attachment-large size-large\" alt=\"\" \/>\t\t\t\t\t\t\t\t\t\t\t<figcaption class=\"widget-image-caption wp-caption-text\">BRUNO MADDALENA GUADALUPE<\/figcaption>\n\t\t\t\t\t\t\t\t\t\t<\/figure>\n\t\t\t\t\t<\/div>\n\t\t\t\t<\/div>\n\t\t\t\t<\/div>\n\t\t\t\t\t\t<\/div>\n\t\t\t\t\t<\/div>\n\t\t<\/div>\n\t\t\t\t<div class=\"elementor-column elementor-col-50 elementor-inner-column elementor-element elementor-element-47af61b\" data-id=\"47af61b\" data-element_type=\"column\">\n\t\t\t<div class=\"elementor-column-wrap elementor-element-populated\">\n\t\t\t\t\t\t\t<div class=\"elementor-widget-wrap\">\n\t\t\t\t\t\t<div class=\"elementor-element elementor-element-8105d6f elementor-widget elementor-widget-text-editor\" data-id=\"8105d6f\" data-element_type=\"widget\" data-widget_type=\"text-editor.default\">\n\t\t\t\t<div class=\"elementor-widget-container\">\n\t\t\t\t\t<div class=\"elementor-text-editor elementor-clearfix\"><h3><span dir=\"ltr\" role=\"presentation\">Coop<\/span><span dir=\"ltr\" role=\"presentation\">erativa<\/span> <span dir=\"ltr\" role=\"presentation\">Ra\u00edces Nuevas<\/span><\/h3>\n<p><span dir=\"ltr\" role=\"presentation\">Cooperativista desde el a\u00f1o 2018, integr<\/span><span dir=\"ltr\" role=\"presentation\">\u00f3<\/span> <span dir=\"ltr\" role=\"presentation\">la Comisi\u00f3n <\/span><span dir=\"ltr\" role=\"presentation\">Finanzas desde<\/span> <span dir=\"ltr\" role=\"presentation\">su<\/span> <span dir=\"ltr\" role=\"presentation\">ingreso, hasta el final de la obra en 2020.<\/span><br role=\"presentation\" \/><span dir=\"ltr\" role=\"presentation\">Actualmente<\/span> <span dir=\"ltr\" role=\"presentation\">es<\/span> <span dir=\"ltr\" role=\"presentation\">suplente de Comisi\u00f3n Directiva por el <\/span><span dir=\"ltr\" role=\"presentation\">per\u00edodo 2021<\/span><span dir=\"ltr\" role=\"presentation\">&#8211;<\/span><span dir=\"ltr\" role=\"presentation\">2023<\/span><br role=\"presentation\" \/><span dir=\"ltr\" role=\"presentation\">Licenciado en Econom\u00eda con postgrado en Econom\u00ed<\/span><span dir=\"ltr\" role=\"presentation\">a y <\/span><span dir=\"ltr\" role=\"presentation\">Gesti\u00f3n para la<\/span> <span dir=\"ltr\" role=\"presentation\">I<\/span><span dir=\"ltr\" role=\"presentation\">nclusi\u00f3n, en el que se aborda la tem\u00e1tica de <\/span><span dir=\"ltr\" role=\"presentation\">cooperativismo<\/span><span dir=\"ltr\" role=\"presentation\">. Actualmente est\u00e1 cursando una<\/span> <span dir=\"ltr\" role=\"presentation\">Maestr\u00eda <\/span><span dir=\"ltr\" role=\"presentation\">en Historia Econ\u00f3mica.<\/span><br role=\"presentation\" \/><span dir=\"ltr\" role=\"presentation\">Trabaj<\/span><span dir=\"ltr\" role=\"presentation\">a<\/span> <span dir=\"ltr\" role=\"presentation\">en la Agencia Nacional de Desarrollo (ANDE) en el <\/span><span dir=\"ltr\" role=\"presentation\">\u00e1rea de<\/span> <span dir=\"ltr\" role=\"presentation\">E<\/span><span dir=\"ltr\" role=\"presentation\">mprendimientos.<\/span><br role=\"presentation\" \/><span dir=\"ltr\" role=\"presentation\">Esper<\/span><span dir=\"ltr\" role=\"presentation\">a<\/span> <span dir=\"ltr\" role=\"presentation\">volcar todo el conocimiento y experiencia acumulada <\/span><span dir=\"ltr\" role=\"presentation\">para construir una Federaci\u00f3n m\u00e1s fuerte y mejor conectada <\/span><span dir=\"ltr\" role=\"presentation\">con sus socios y<\/span> <span dir=\"ltr\" role=\"presentation\">con<\/span> <span dir=\"ltr\" role=\"presentation\">la sociedad en general<\/span><\/p><\/div>\n\t\t\t\t<\/div>\n\t\t\t\t<\/div>\n\t\t\t\t\t\t<\/div>\n\t\t\t\t\t<\/div>\n\t\t<\/div>\n\t\t\t\t\t\t\t\t<\/div>\n\t\t\t\t\t<\/div>\n\t\t<\/section>\n\t\t\t\t<section class=\"elementor-section elementor-inner-section elementor-element elementor-element-b80cc6b elementor-section-boxed elementor-section-height-default elementor-section-height-default\" data-id=\"b80cc6b\" data-element_type=\"section\">\n\t\t\t\t\t\t<div class=\"elementor-container elementor-column-gap-default\">\n\t\t\t\t\t\t\t<div class=\"elementor-row\">\n\t\t\t\t\t<div class=\"elementor-column elementor-col-50 elementor-inner-column elementor-element elementor-element-3f0525c\" data-id=\"3f0525c\" data-element_type=\"column\">\n\t\t\t<div class=\"elementor-column-wrap elementor-element-populated\">\n\t\t\t\t\t\t\t<div class=\"elementor-widget-wrap\">\n\t\t\t\t\t\t<div class=\"elementor-element elementor-element-8678560 elementor-widget elementor-widget-image\" data-id=\"8678560\" data-element_type=\"widget\" data-widget_type=\"image.default\">\n\t\t\t\t<div class=\"elementor-widget-container\">\n\t\t\t\t\t<div class=\"elementor-image\">\n\t\t\t\t\t\t\t<figure class=\"wp-caption\">\n\t\t\t\t\t\t\t\t\t\t<img loading=\"lazy\" decoding=\"async\" width=\"198\" height=\"222\" src=\"https:\/\/fecovi.coop\/web\/wp-content\/uploads\/2022\/10\/4.jpg\" class=\"attachment-large size-large\" alt=\"\" \/>\t\t\t\t\t\t\t\t\t\t\t<figcaption class=\"widget-image-caption wp-caption-text\">DANIEL LOGALDO<\/figcaption>\n\t\t\t\t\t\t\t\t\t\t<\/figure>\n\t\t\t\t\t<\/div>\n\t\t\t\t<\/div>\n\t\t\t\t<\/div>\n\t\t\t\t\t\t<\/div>\n\t\t\t\t\t<\/div>\n\t\t<\/div>\n\t\t\t\t<div class=\"elementor-column elementor-col-50 elementor-inner-column elementor-element elementor-element-3bcb628\" data-id=\"3bcb628\" data-element_type=\"column\">\n\t\t\t<div class=\"elementor-column-wrap elementor-element-populated\">\n\t\t\t\t\t\t\t<div class=\"elementor-widget-wrap\">\n\t\t\t\t\t\t<div class=\"elementor-element elementor-element-24fd445 elementor-widget elementor-widget-text-editor\" data-id=\"24fd445\" data-element_type=\"widget\" data-widget_type=\"text-editor.default\">\n\t\t\t\t<div class=\"elementor-widget-container\">\n\t\t\t\t\t<div class=\"elementor-text-editor elementor-clearfix\"><h3><span dir=\"ltr\" role=\"presentation\">Cooperativa<\/span> <span dir=\"ltr\" role=\"presentation\">El Ladrillo<\/span><\/h3>\n<p>Hijo de cooperativista del Complejo Bulevar, socio fundador de la cooperativa El Ladrillo. Ha ocupado cargos de direcci\u00f3n en varias oportunidades, como tesorero, secretario y presidente, per\u00edodo en el que se obtuvo el primer convenio de tierras entre FECOVI y la IM, se present\u00f3 el expediente de cancelaci\u00f3n Hipotecas, media cuota y vicios constructivos ante BHU. Actualmente integra el Consejo Directivo como suplente, y la Comisi\u00f3n de Movilizaci\u00f3n.<\/p><\/div>\n\t\t\t\t<\/div>\n\t\t\t\t<\/div>\n\t\t\t\t\t\t<\/div>\n\t\t\t\t\t<\/div>\n\t\t<\/div>\n\t\t\t\t\t\t\t\t<\/div>\n\t\t\t\t\t<\/div>\n\t\t<\/section>\n\t\t\t\t<section class=\"elementor-section elementor-inner-section elementor-element elementor-element-9603e9d elementor-section-boxed elementor-section-height-default elementor-section-height-default\" data-id=\"9603e9d\" data-element_type=\"section\">\n\t\t\t\t\t\t<div class=\"elementor-container elementor-column-gap-default\">\n\t\t\t\t\t\t\t<div class=\"elementor-row\">\n\t\t\t\t\t<div class=\"elementor-column elementor-col-50 elementor-inner-column elementor-element elementor-element-daaa2e2\" data-id=\"daaa2e2\" data-element_type=\"column\">\n\t\t\t<div class=\"elementor-column-wrap elementor-element-populated\">\n\t\t\t\t\t\t\t<div class=\"elementor-widget-wrap\">\n\t\t\t\t\t\t<div class=\"elementor-element elementor-element-7165e87 elementor-widget elementor-widget-image\" data-id=\"7165e87\" data-element_type=\"widget\" data-widget_type=\"image.default\">\n\t\t\t\t<div class=\"elementor-widget-container\">\n\t\t\t\t\t<div class=\"elementor-image\">\n\t\t\t\t\t\t\t<figure class=\"wp-caption\">\n\t\t\t\t\t\t\t\t\t\t<img loading=\"lazy\" decoding=\"async\" width=\"198\" height=\"222\" src=\"https:\/\/fecovi.coop\/web\/wp-content\/uploads\/2022\/10\/5.jpg\" class=\"attachment-large size-large\" alt=\"\" \/>\t\t\t\t\t\t\t\t\t\t\t<figcaption class=\"widget-image-caption wp-caption-text\">LUIS ALBERTO FIGAROLA SUM<\/figcaption>\n\t\t\t\t\t\t\t\t\t\t<\/figure>\n\t\t\t\t\t<\/div>\n\t\t\t\t<\/div>\n\t\t\t\t<\/div>\n\t\t\t\t\t\t<\/div>\n\t\t\t\t\t<\/div>\n\t\t<\/div>\n\t\t\t\t<div class=\"elementor-column elementor-col-50 elementor-inner-column elementor-element elementor-element-67adcf9\" data-id=\"67adcf9\" data-element_type=\"column\">\n\t\t\t<div class=\"elementor-column-wrap elementor-element-populated\">\n\t\t\t\t\t\t\t<div class=\"elementor-widget-wrap\">\n\t\t\t\t\t\t<div class=\"elementor-element elementor-element-9809271 elementor-widget elementor-widget-text-editor\" data-id=\"9809271\" data-element_type=\"widget\" data-widget_type=\"text-editor.default\">\n\t\t\t\t<div class=\"elementor-widget-container\">\n\t\t\t\t\t<div class=\"elementor-text-editor elementor-clearfix\"><h3><span dir=\"ltr\" role=\"presentation\">Cooperativa<\/span> <span dir=\"ltr\" role=\"presentation\">Vicman II<\/span><\/h3>\n<p><span dir=\"ltr\" role=\"presentation\">Cooperativista integrante de Vicman desde el a\u00f1o 1993; <\/span><span dir=\"ltr\" role=\"presentation\">habiendo ocupado, en diferentes per\u00edodos, los cargos de <\/span><span dir=\"ltr\" role=\"presentation\">t<\/span><span dir=\"ltr\" role=\"presentation\">esorero y<\/span> <span dir=\"ltr\" role=\"presentation\">s<\/span><span dir=\"ltr\" role=\"presentation\">ecretario, siendo actualmente vocal en el <\/span><span dir=\"ltr\" role=\"presentation\">Consejo Directivo. Con conocimientos cooperativos, en <\/span><span dir=\"ltr\" role=\"presentation\">diversas modalidades, al haber estad<\/span><span dir=\"ltr\" role=\"presentation\">o vinculado, ocupando <\/span><span dir=\"ltr\" role=\"presentation\">cargos en Consejos Directivos, al Cooperativismo del<\/span><br role=\"presentation\" \/><span dir=\"ltr\" role=\"presentation\">Transporte entre los a\u00f1os 1977 y 2016; y<\/span> <span dir=\"ltr\" role=\"presentation\">de<\/span><span dir=\"ltr\" role=\"presentation\">sde el a\u00f1o 2022 <\/span><span dir=\"ltr\" role=\"presentation\">al Cooperativismo de Ahorro y Cr\u00e9dito. Casado, padre de 4 <\/span><span dir=\"ltr\" role=\"presentation\">hijos y actualmente jubilado se manifiesta con experiencia <\/span><span dir=\"ltr\" role=\"presentation\">para<\/span> <span dir=\"ltr\" role=\"presentation\">asumir este nuevo desaf\u00edo que implica la defensa y el <\/span><span dir=\"ltr\" role=\"presentation\">fortalecimiento del Cooperativismo de Viviendas en nuestro <\/span><span dir=\"ltr\" role=\"presentation\">pa\u00eds a trav\u00e9s de la Federaci\u00f3n.<\/span><\/p><\/div>\n\t\t\t\t<\/div>\n\t\t\t\t<\/div>\n\t\t\t\t\t\t<\/div>\n\t\t\t\t\t<\/div>\n\t\t<\/div>\n\t\t\t\t\t\t\t\t<\/div>\n\t\t\t\t\t<\/div>\n\t\t<\/section>\n\t\t\t\t<section class=\"elementor-section elementor-inner-section elementor-element elementor-element-1225188 elementor-section-boxed elementor-section-height-default elementor-section-height-default\" data-id=\"1225188\" data-element_type=\"section\">\n\t\t\t\t\t\t<div class=\"elementor-container elementor-column-gap-default\">\n\t\t\t\t\t\t\t<div class=\"elementor-row\">\n\t\t\t\t\t<div class=\"elementor-column elementor-col-50 elementor-inner-column elementor-element elementor-element-f836744\" data-id=\"f836744\" data-element_type=\"column\">\n\t\t\t<div class=\"elementor-column-wrap elementor-element-populated\">\n\t\t\t\t\t\t\t<div class=\"elementor-widget-wrap\">\n\t\t\t\t\t\t<div class=\"elementor-element elementor-element-91e67cf elementor-widget elementor-widget-image\" data-id=\"91e67cf\" data-element_type=\"widget\" data-widget_type=\"image.default\">\n\t\t\t\t<div class=\"elementor-widget-container\">\n\t\t\t\t\t<div class=\"elementor-image\">\n\t\t\t\t\t\t\t<figure class=\"wp-caption\">\n\t\t\t\t\t\t\t\t\t\t<img loading=\"lazy\" decoding=\"async\" width=\"198\" height=\"222\" src=\"https:\/\/fecovi.coop\/web\/wp-content\/uploads\/2022\/10\/6.jpg\" class=\"attachment-large size-large\" alt=\"\" \/>\t\t\t\t\t\t\t\t\t\t\t<figcaption class=\"widget-image-caption wp-caption-text\">MAR\u00cdA ALEXANDRA TECHERA SUTIL<\/figcaption>\n\t\t\t\t\t\t\t\t\t\t<\/figure>\n\t\t\t\t\t<\/div>\n\t\t\t\t<\/div>\n\t\t\t\t<\/div>\n\t\t\t\t\t\t<\/div>\n\t\t\t\t\t<\/div>\n\t\t<\/div>\n\t\t\t\t<div class=\"elementor-column elementor-col-50 elementor-inner-column elementor-element elementor-element-309e70b\" data-id=\"309e70b\" data-element_type=\"column\">\n\t\t\t<div class=\"elementor-column-wrap elementor-element-populated\">\n\t\t\t\t\t\t\t<div class=\"elementor-widget-wrap\">\n\t\t\t\t\t\t<div class=\"elementor-element elementor-element-9ea0067 elementor-widget elementor-widget-text-editor\" data-id=\"9ea0067\" data-element_type=\"widget\" data-widget_type=\"text-editor.default\">\n\t\t\t\t<div class=\"elementor-widget-container\">\n\t\t\t\t\t<div class=\"elementor-text-editor elementor-clearfix\"><h3><span dir=\"ltr\" role=\"presentation\">Cooperativa<\/span> <span dir=\"ltr\" role=\"presentation\">Buena Vista<\/span><\/h3>\n<p><span dir=\"ltr\" role=\"presentation\">Alexandra es militante social de toda la vida.<\/span><br role=\"presentation\" \/><span dir=\"ltr\" role=\"presentation\">Actualmente preside la Comisi\u00f3n de vecinos del barrio <\/span><span dir=\"ltr\" role=\"presentation\">Buena Vista<\/span> <span dir=\"ltr\" role=\"presentation\">\u2013<\/span> <span dir=\"ltr\" role=\"presentation\">Buceo y dirige la biblioteca barrial.<\/span><br role=\"presentation\" \/><span dir=\"ltr\" role=\"presentation\">Adem\u00e1s, integra la comisi\u00f3n de movilizaci\u00f3n de Fecovi.<\/span><br role=\"presentation\" \/><span dir=\"ltr\" role=\"presentation\">Es socia fundadora de nuestra Cooperativa la que <\/span><span dir=\"ltr\" role=\"presentation\">actualmente preside y cuenta con el 100% de<\/span> <span dir=\"ltr\" role=\"presentation\">apoyo para <\/span><span dir=\"ltr\" role=\"presentation\">ocupar este nuevo lugar de militancia.<\/span><\/p><\/div>\n\t\t\t\t<\/div>\n\t\t\t\t<\/div>\n\t\t\t\t\t\t<\/div>\n\t\t\t\t\t<\/div>\n\t\t<\/div>\n\t\t\t\t\t\t\t\t<\/div>\n\t\t\t\t\t<\/div>\n\t\t<\/section>\n\t\t\t\t<section class=\"elementor-section elementor-inner-section elementor-element elementor-element-996445d elementor-section-boxed elementor-section-height-default elementor-section-height-default\" data-id=\"996445d\" data-element_type=\"section\">\n\t\t\t\t\t\t<div class=\"elementor-container elementor-column-gap-default\">\n\t\t\t\t\t\t\t<div class=\"elementor-row\">\n\t\t\t\t\t<div class=\"elementor-column elementor-col-50 elementor-inner-column elementor-element elementor-element-4b1482d\" data-id=\"4b1482d\" data-element_type=\"column\">\n\t\t\t<div class=\"elementor-column-wrap elementor-element-populated\">\n\t\t\t\t\t\t\t<div class=\"elementor-widget-wrap\">\n\t\t\t\t\t\t<div class=\"elementor-element elementor-element-9606868 elementor-widget elementor-widget-image\" data-id=\"9606868\" data-element_type=\"widget\" data-widget_type=\"image.default\">\n\t\t\t\t<div class=\"elementor-widget-container\">\n\t\t\t\t\t<div class=\"elementor-image\">\n\t\t\t\t\t\t\t<figure class=\"wp-caption\">\n\t\t\t\t\t\t\t\t\t\t<img loading=\"lazy\" decoding=\"async\" width=\"178\" height=\"222\" src=\"https:\/\/fecovi.coop\/web\/wp-content\/uploads\/2022\/10\/7-1.jpg\" class=\"attachment-large size-large\" alt=\"\" \/>\t\t\t\t\t\t\t\t\t\t\t<figcaption class=\"widget-image-caption wp-caption-text\">MAR\u00cdA LOURDES M\u00c9NDEZ GONZ\u00c1LEZ<\/figcaption>\n\t\t\t\t\t\t\t\t\t\t<\/figure>\n\t\t\t\t\t<\/div>\n\t\t\t\t<\/div>\n\t\t\t\t<\/div>\n\t\t\t\t\t\t<\/div>\n\t\t\t\t\t<\/div>\n\t\t<\/div>\n\t\t\t\t<div class=\"elementor-column elementor-col-50 elementor-inner-column elementor-element elementor-element-c551783\" data-id=\"c551783\" data-element_type=\"column\">\n\t\t\t<div class=\"elementor-column-wrap elementor-element-populated\">\n\t\t\t\t\t\t\t<div class=\"elementor-widget-wrap\">\n\t\t\t\t\t\t<div class=\"elementor-element elementor-element-2a1ecaf elementor-widget elementor-widget-text-editor\" data-id=\"2a1ecaf\" data-element_type=\"widget\" data-widget_type=\"text-editor.default\">\n\t\t\t\t<div class=\"elementor-widget-container\">\n\t\t\t\t\t<div class=\"elementor-text-editor elementor-clearfix\"><h3><span dir=\"ltr\" role=\"presentation\">Cooperativa<\/span> <span dir=\"ltr\" role=\"presentation\">Ucovi<\/span><\/h3>\n<p>T\u00edtulo de maestra (1987). Trabaj\u00f3 en Primaria, Secundaria, Poder Judicial, Banco Rep\u00fablica (actual), los ingresos fueron por concurso, Cudecoop a\u00f1o 2013 Curso Modular sobre Gesti\u00f3n lntegral en las Cooperativas, (sin dar examen final). Integrante de CEFIC en Cooperativa Fucerep a\u00f1o 2013 y 2014. Cooperativista que integra UCOVI desde 2013 aproximadamente, Luego paso a ser Titular de otra unidad en el a\u00f1o 2017. Se postul\u00f3 como candidata al Consejo Directivo de UCOVI en el a\u00f1o 2020, quedando suplente y particip\u00f3 en Comisi\u00f3n Electoral.<\/p><\/div>\n\t\t\t\t<\/div>\n\t\t\t\t<\/div>\n\t\t\t\t\t\t<\/div>\n\t\t\t\t\t<\/div>\n\t\t<\/div>\n\t\t\t\t\t\t\t\t<\/div>\n\t\t\t\t\t<\/div>\n\t\t<\/section>\n\t\t\t\t<section class=\"elementor-section elementor-inner-section elementor-element elementor-element-b039fb3 elementor-section-boxed elementor-section-height-default elementor-section-height-default\" data-id=\"b039fb3\" data-element_type=\"section\">\n\t\t\t\t\t\t<div class=\"elementor-container elementor-column-gap-default\">\n\t\t\t\t\t\t\t<div class=\"elementor-row\">\n\t\t\t\t\t<div class=\"elementor-column elementor-col-50 elementor-inner-column elementor-element elementor-element-c99f586\" data-id=\"c99f586\" data-element_type=\"column\">\n\t\t\t<div class=\"elementor-column-wrap elementor-element-populated\">\n\t\t\t\t\t\t\t<div class=\"elementor-widget-wrap\">\n\t\t\t\t\t\t<div class=\"elementor-element elementor-element-b7f97f9 elementor-widget elementor-widget-image\" data-id=\"b7f97f9\" data-element_type=\"widget\" data-widget_type=\"image.default\">\n\t\t\t\t<div class=\"elementor-widget-container\">\n\t\t\t\t\t<div class=\"elementor-image\">\n\t\t\t\t\t\t\t<figure class=\"wp-caption\">\n\t\t\t\t\t\t\t\t\t\t<img loading=\"lazy\" decoding=\"async\" width=\"178\" height=\"222\" src=\"https:\/\/fecovi.coop\/web\/wp-content\/uploads\/2022\/10\/8.jpg\" class=\"attachment-large size-large\" alt=\"\" \/>\t\t\t\t\t\t\t\t\t\t\t<figcaption class=\"widget-image-caption wp-caption-text\">MIGUEL \u00c1NGEL CARB\u00d3 DUR\u00c9<\/figcaption>\n\t\t\t\t\t\t\t\t\t\t<\/figure>\n\t\t\t\t\t<\/div>\n\t\t\t\t<\/div>\n\t\t\t\t<\/div>\n\t\t\t\t\t\t<\/div>\n\t\t\t\t\t<\/div>\n\t\t<\/div>\n\t\t\t\t<div class=\"elementor-column elementor-col-50 elementor-inner-column elementor-element elementor-element-5f2b704\" data-id=\"5f2b704\" data-element_type=\"column\">\n\t\t\t<div class=\"elementor-column-wrap elementor-element-populated\">\n\t\t\t\t\t\t\t<div class=\"elementor-widget-wrap\">\n\t\t\t\t\t\t<div class=\"elementor-element elementor-element-604d351 elementor-widget elementor-widget-text-editor\" data-id=\"604d351\" data-element_type=\"widget\" data-widget_type=\"text-editor.default\">\n\t\t\t\t<div class=\"elementor-widget-container\">\n\t\t\t\t\t<div class=\"elementor-text-editor elementor-clearfix\"><h3><span dir=\"ltr\" role=\"presentation\">Cooperativa<\/span> <span dir=\"ltr\" role=\"presentation\">Vicman I<\/span><span dir=\"ltr\" role=\"presentation\">I<\/span><\/h3>\n<p>Directivo de la Cooperativa Matriz de VICMAN desde el a\u00f1o 1986, ocupando diversos cargos. Dos veces presidente, tres veces secretario, entre otros cargos.<br \/>Directivo de la Cooperativa VICMAN II desde el a\u00f1o 1990, ocupando diversos cargos, actualmente el de secretario.<br \/>Participando como delegado ante FECOVI desde el a\u00f1o 1986.<br \/>Integrante del Consejo Directivo de FECOVI desde el a\u00f1o 2005.<br \/>Integrante actual del Consejo Directivo de FECOVI, como secretario de Actas, pudiendo ser reelecto en esta oportunidad.<\/p><\/div>\n\t\t\t\t<\/div>\n\t\t\t\t<\/div>\n\t\t\t\t\t\t<\/div>\n\t\t\t\t\t<\/div>\n\t\t<\/div>\n\t\t\t\t\t\t\t\t<\/div>\n\t\t\t\t\t<\/div>\n\t\t<\/section>\n\t\t\t\t<section class=\"elementor-section elementor-inner-section elementor-element elementor-element-cc573da elementor-section-boxed elementor-section-height-default elementor-section-height-default\" data-id=\"cc573da\" data-element_type=\"section\">\n\t\t\t\t\t\t<div class=\"elementor-container elementor-column-gap-default\">\n\t\t\t\t\t\t\t<div class=\"elementor-row\">\n\t\t\t\t\t<div class=\"elementor-column elementor-col-50 elementor-inner-column elementor-element elementor-element-8499cbe\" data-id=\"8499cbe\" data-element_type=\"column\">\n\t\t\t<div class=\"elementor-column-wrap elementor-element-populated\">\n\t\t\t\t\t\t\t<div class=\"elementor-widget-wrap\">\n\t\t\t\t\t\t<div class=\"elementor-element elementor-element-6c809c4 elementor-widget elementor-widget-image\" data-id=\"6c809c4\" data-element_type=\"widget\" data-widget_type=\"image.default\">\n\t\t\t\t<div class=\"elementor-widget-container\">\n\t\t\t\t\t<div class=\"elementor-image\">\n\t\t\t\t\t\t\t<figure class=\"wp-caption\">\n\t\t\t\t\t\t\t\t\t\t<img loading=\"lazy\" decoding=\"async\" width=\"178\" height=\"222\" src=\"https:\/\/fecovi.coop\/web\/wp-content\/uploads\/2022\/10\/9.jpg\" class=\"attachment-large size-large\" alt=\"\" \/>\t\t\t\t\t\t\t\t\t\t\t<figcaption class=\"widget-image-caption wp-caption-text\">RAMIRO RICARDO LAPORTA CALZADA<\/figcaption>\n\t\t\t\t\t\t\t\t\t\t<\/figure>\n\t\t\t\t\t<\/div>\n\t\t\t\t<\/div>\n\t\t\t\t<\/div>\n\t\t\t\t\t\t<\/div>\n\t\t\t\t\t<\/div>\n\t\t<\/div>\n\t\t\t\t<div class=\"elementor-column elementor-col-50 elementor-inner-column elementor-element elementor-element-0363d1d\" data-id=\"0363d1d\" data-element_type=\"column\">\n\t\t\t<div class=\"elementor-column-wrap elementor-element-populated\">\n\t\t\t\t\t\t\t<div class=\"elementor-widget-wrap\">\n\t\t\t\t\t\t<div class=\"elementor-element elementor-element-b2d927b elementor-widget elementor-widget-text-editor\" data-id=\"b2d927b\" data-element_type=\"widget\" data-widget_type=\"text-editor.default\">\n\t\t\t\t<div class=\"elementor-widget-container\">\n\t\t\t\t\t<div class=\"elementor-text-editor elementor-clearfix\"><h3><span dir=\"ltr\" role=\"presentation\">Cooperativa<\/span> <span dir=\"ltr\" role=\"presentation\">Vicman I<\/span><\/h3>\n<p>Cooperativista desde el a\u00f1o 1988. Se desempe\u00f1\u00f3 en casi todos los cargos de la Matriz de VICMAN. Fue presidente, secretario, fiscal e integr\u00f3 varias comisiones.<br \/>Asimismo, fue presidente y fiscal de VICMAN desde 2010 a la fecha.<br \/>Actualmente se desempe\u00f1a como Fiscal (saliente) de FECOVI desde 2014.<br \/>Ha sido representante en las Asambleas de FECOVI como delegado de VICMAN I desde 2001<\/p><\/div>\n\t\t\t\t<\/div>\n\t\t\t\t<\/div>\n\t\t\t\t\t\t<\/div>\n\t\t\t\t\t<\/div>\n\t\t<\/div>\n\t\t\t\t\t\t\t\t<\/div>\n\t\t\t\t\t<\/div>\n\t\t<\/section>\n\t\t\t\t<div class=\"elementor-element elementor-element-5832c8c elementor-widget elementor-widget-spacer\" data-id=\"5832c8c\" data-element_type=\"widget\" data-widget_type=\"spacer.default\">\n\t\t\t\t<div class=\"elementor-widget-container\">\n\t\t\t\t\t<div class=\"elementor-spacer\">\n\t\t\t<div class=\"elementor-spacer-inner\"><\/div>\n\t\t<\/div>\n\t\t\t\t<\/div>\n\t\t\t\t<\/div>\n\t\t\t\t<div class=\"elementor-element elementor-element-709a3e2 elementor-widget elementor-widget-text-editor\" data-id=\"709a3e2\" data-element_type=\"widget\" data-widget_type=\"text-editor.default\">\n\t\t\t\t<div class=\"elementor-widget-container\">\n\t\t\t\t\t<div class=\"elementor-text-editor elementor-clearfix\"><h3 style=\"text-align: center;\"><strong><span dir=\"ltr\" role=\"presentation\">CANDIDATOS<\/span> <span dir=\"ltr\" role=\"presentation\">A<\/span> <span dir=\"ltr\" role=\"presentation\">COMISI\u00d3N FISCAL<\/span><\/strong><\/h3><\/div>\n\t\t\t\t<\/div>\n\t\t\t\t<\/div>\n\t\t\t\t<section class=\"elementor-section elementor-inner-section elementor-element elementor-element-7d2194f elementor-section-boxed elementor-section-height-default elementor-section-height-default\" data-id=\"7d2194f\" data-element_type=\"section\">\n\t\t\t\t\t\t<div class=\"elementor-container elementor-column-gap-default\">\n\t\t\t\t\t\t\t<div class=\"elementor-row\">\n\t\t\t\t\t<div class=\"elementor-column elementor-col-50 elementor-inner-column elementor-element elementor-element-d14ea1d\" data-id=\"d14ea1d\" data-element_type=\"column\">\n\t\t\t<div class=\"elementor-column-wrap elementor-element-populated\">\n\t\t\t\t\t\t\t<div class=\"elementor-widget-wrap\">\n\t\t\t\t\t\t<div class=\"elementor-element elementor-element-0819754 elementor-widget elementor-widget-image\" data-id=\"0819754\" data-element_type=\"widget\" data-widget_type=\"image.default\">\n\t\t\t\t<div class=\"elementor-widget-container\">\n\t\t\t\t\t<div class=\"elementor-image\">\n\t\t\t\t\t\t\t<figure class=\"wp-caption\">\n\t\t\t\t\t\t\t\t\t\t<img loading=\"lazy\" decoding=\"async\" width=\"178\" height=\"183\" src=\"https:\/\/fecovi.coop\/web\/wp-content\/uploads\/2022\/10\/a.jpg\" class=\"attachment-large size-large\" alt=\"\" \/>\t\t\t\t\t\t\t\t\t\t\t<figcaption class=\"widget-image-caption wp-caption-text\">C\u00c9SAR NICOL\u00c1S VIERA SILVA<\/figcaption>\n\t\t\t\t\t\t\t\t\t\t<\/figure>\n\t\t\t\t\t<\/div>\n\t\t\t\t<\/div>\n\t\t\t\t<\/div>\n\t\t\t\t\t\t<\/div>\n\t\t\t\t\t<\/div>\n\t\t<\/div>\n\t\t\t\t<div class=\"elementor-column elementor-col-50 elementor-inner-column elementor-element elementor-element-7ca88d4\" data-id=\"7ca88d4\" data-element_type=\"column\">\n\t\t\t<div class=\"elementor-column-wrap elementor-element-populated\">\n\t\t\t\t\t\t\t<div class=\"elementor-widget-wrap\">\n\t\t\t\t\t\t<div class=\"elementor-element elementor-element-9060a1c elementor-widget elementor-widget-text-editor\" data-id=\"9060a1c\" data-element_type=\"widget\" data-widget_type=\"text-editor.default\">\n\t\t\t\t<div class=\"elementor-widget-container\">\n\t\t\t\t\t<div class=\"elementor-text-editor elementor-clearfix\"><h3><span dir=\"ltr\" role=\"presentation\">Cooperativa<\/span> <span dir=\"ltr\" role=\"presentation\">Ra\u00edces Nuevas<\/span><\/h3>\n<p>Con varios a\u00f1os como cooperativista, C\u00e9sar ha tenido la posibilidad de integrar varias comisiones como la Directiva y la Comisi\u00f3n Fiscal.<\/p><\/div>\n\t\t\t\t<\/div>\n\t\t\t\t<\/div>\n\t\t\t\t\t\t<\/div>\n\t\t\t\t\t<\/div>\n\t\t<\/div>\n\t\t\t\t\t\t\t\t<\/div>\n\t\t\t\t\t<\/div>\n\t\t<\/section>\n\t\t\t\t<section class=\"elementor-section elementor-inner-section elementor-element elementor-element-4200fbc elementor-section-boxed elementor-section-height-default elementor-section-height-default\" data-id=\"4200fbc\" data-element_type=\"section\">\n\t\t\t\t\t\t<div class=\"elementor-container elementor-column-gap-default\">\n\t\t\t\t\t\t\t<div class=\"elementor-row\">\n\t\t\t\t\t<div class=\"elementor-column elementor-col-50 elementor-inner-column elementor-element elementor-element-974b29a\" data-id=\"974b29a\" data-element_type=\"column\">\n\t\t\t<div class=\"elementor-column-wrap elementor-element-populated\">\n\t\t\t\t\t\t\t<div class=\"elementor-widget-wrap\">\n\t\t\t\t\t\t<div class=\"elementor-element elementor-element-fa75965 elementor-widget elementor-widget-image\" data-id=\"fa75965\" data-element_type=\"widget\" data-widget_type=\"image.default\">\n\t\t\t\t<div class=\"elementor-widget-container\">\n\t\t\t\t\t<div class=\"elementor-image\">\n\t\t\t\t\t\t\t<figure class=\"wp-caption\">\n\t\t\t\t\t\t\t\t\t\t<img loading=\"lazy\" decoding=\"async\" width=\"178\" height=\"183\" src=\"https:\/\/fecovi.coop\/web\/wp-content\/uploads\/2022\/10\/aa.jpg\" class=\"attachment-large size-large\" alt=\"\" \/>\t\t\t\t\t\t\t\t\t\t\t<figcaption class=\"widget-image-caption wp-caption-text\">N\u00c9STOR ANTONIO PAZOS VARELA<\/figcaption>\n\t\t\t\t\t\t\t\t\t\t<\/figure>\n\t\t\t\t\t<\/div>\n\t\t\t\t<\/div>\n\t\t\t\t<\/div>\n\t\t\t\t\t\t<\/div>\n\t\t\t\t\t<\/div>\n\t\t<\/div>\n\t\t\t\t<div class=\"elementor-column elementor-col-50 elementor-inner-column elementor-element elementor-element-d23ea77\" data-id=\"d23ea77\" data-element_type=\"column\">\n\t\t\t<div class=\"elementor-column-wrap elementor-element-populated\">\n\t\t\t\t\t\t\t<div class=\"elementor-widget-wrap\">\n\t\t\t\t\t\t<div class=\"elementor-element elementor-element-a7f27d1 elementor-widget elementor-widget-text-editor\" data-id=\"a7f27d1\" data-element_type=\"widget\" data-widget_type=\"text-editor.default\">\n\t\t\t\t<div class=\"elementor-widget-container\">\n\t\t\t\t\t<div class=\"elementor-text-editor elementor-clearfix\"><h3><span dir=\"ltr\" role=\"presentation\">Cooperativa<\/span> <span dir=\"ltr\" role=\"presentation\">AFAF 3<\/span><\/h3>\n<p>N\u00e9stor es contador y cuenta con experiencia en:<br \/>Integrar la Comisi\u00f3n Directiva, Comisi\u00f3n Fiscal y Comisi\u00f3n de Fomento (CEFIC) de AFAF 3, en distintas oportunidades.<br \/>Fue miembro de la Comisi\u00f3n Directiva (Tesorero) durante 10 a\u00f1os y actualmente integra la Comisi\u00f3n Fiscal del Club de F\u00fatbol Liverpool.<br \/>Se ha desempe\u00f1ado como profesional independiente en distintos rubros desde hace 40 a\u00f1os.<\/p><\/div>\n\t\t\t\t<\/div>\n\t\t\t\t<\/div>\n\t\t\t\t\t\t<\/div>\n\t\t\t\t\t<\/div>\n\t\t<\/div>\n\t\t\t\t\t\t\t\t<\/div>\n\t\t\t\t\t<\/div>\n\t\t<\/section>\n\t\t\t\t<div class=\"elementor-element elementor-element-a7b3b9d elementor-widget elementor-widget-spacer\" data-id=\"a7b3b9d\" data-element_type=\"widget\" data-widget_type=\"spacer.default\">\n\t\t\t\t<div class=\"elementor-widget-container\">\n\t\t\t\t\t<div class=\"elementor-spacer\">\n\t\t\t<div class=\"elementor-spacer-inner\"><\/div>\n\t\t<\/div>\n\t\t\t\t<\/div>\n\t\t\t\t<\/div>\n\t\t\t\t<div class=\"elementor-element elementor-element-ad7e2a4 elementor-widget elementor-widget-text-editor\" data-id=\"ad7e2a4\" data-element_type=\"widget\" data-widget_type=\"text-editor.default\">\n\t\t\t\t<div class=\"elementor-widget-container\">\n\t\t\t\t\t<div class=\"elementor-text-editor elementor-clearfix\"><h3 style=\"text-align: center;\"><strong><span dir=\"ltr\" role=\"presentation\">CANDIDATOS A<\/span> <span dir=\"ltr\" role=\"presentation\">CEFIC<\/span><\/strong><\/h3><\/div>\n\t\t\t\t<\/div>\n\t\t\t\t<\/div>\n\t\t\t\t<section class=\"elementor-section elementor-inner-section elementor-element elementor-element-8cd5bee elementor-section-boxed elementor-section-height-default elementor-section-height-default\" data-id=\"8cd5bee\" data-element_type=\"section\">\n\t\t\t\t\t\t<div class=\"elementor-container elementor-column-gap-default\">\n\t\t\t\t\t\t\t<div class=\"elementor-row\">\n\t\t\t\t\t<div class=\"elementor-column elementor-col-50 elementor-inner-column elementor-element elementor-element-644b8b0\" data-id=\"644b8b0\" data-element_type=\"column\">\n\t\t\t<div class=\"elementor-column-wrap elementor-element-populated\">\n\t\t\t\t\t\t\t<div class=\"elementor-widget-wrap\">\n\t\t\t\t\t\t<div class=\"elementor-element elementor-element-b7b5c4b elementor-widget elementor-widget-image\" data-id=\"b7b5c4b\" data-element_type=\"widget\" data-widget_type=\"image.default\">\n\t\t\t\t<div class=\"elementor-widget-container\">\n\t\t\t\t\t<div class=\"elementor-image\">\n\t\t\t\t\t\t\t<figure class=\"wp-caption\">\n\t\t\t\t\t\t\t\t\t\t<img loading=\"lazy\" decoding=\"async\" width=\"178\" height=\"183\" src=\"https:\/\/fecovi.coop\/web\/wp-content\/uploads\/2022\/10\/b.jpg\" class=\"attachment-large size-large\" alt=\"\" \/>\t\t\t\t\t\t\t\t\t\t\t<figcaption class=\"widget-image-caption wp-caption-text\">BEATRIZ JESSICA GARC\u00cdA CAMPA\u00d1A<\/figcaption>\n\t\t\t\t\t\t\t\t\t\t<\/figure>\n\t\t\t\t\t<\/div>\n\t\t\t\t<\/div>\n\t\t\t\t<\/div>\n\t\t\t\t\t\t<\/div>\n\t\t\t\t\t<\/div>\n\t\t<\/div>\n\t\t\t\t<div class=\"elementor-column elementor-col-50 elementor-inner-column elementor-element elementor-element-db72001\" data-id=\"db72001\" data-element_type=\"column\">\n\t\t\t<div class=\"elementor-column-wrap elementor-element-populated\">\n\t\t\t\t\t\t\t<div class=\"elementor-widget-wrap\">\n\t\t\t\t\t\t<div class=\"elementor-element elementor-element-e6d36f1 elementor-widget elementor-widget-text-editor\" data-id=\"e6d36f1\" data-element_type=\"widget\" data-widget_type=\"text-editor.default\">\n\t\t\t\t<div class=\"elementor-widget-container\">\n\t\t\t\t\t<div class=\"elementor-text-editor elementor-clearfix\"><h3><span dir=\"ltr\" role=\"presentation\">Cooperativa<\/span> <span dir=\"ltr\" role=\"presentation\">30<\/span> <span dir=\"ltr\" role=\"presentation\">de febrero<\/span><\/h3>\n<p>Beatriz ha trabajado en todas las comisiones estatutarias dentro de la cooperativa, teniendo una idea clara del funcionamiento y din\u00e1mica general.<br \/>Anteriormente, ha participado de manera activa en la Federaci\u00f3n, tanto en Intercooperativa como formando parte de la Comisi\u00f3n Juventud.<br \/>Disfruta del trabajo que se realiza desde la Comisi\u00f3n CEFIC, dando fuerte hincapi\u00e9 en la parte social y los valores cooperativistas.<\/p><\/div>\n\t\t\t\t<\/div>\n\t\t\t\t<\/div>\n\t\t\t\t\t\t<\/div>\n\t\t\t\t\t<\/div>\n\t\t<\/div>\n\t\t\t\t\t\t\t\t<\/div>\n\t\t\t\t\t<\/div>\n\t\t<\/section>\n\t\t\t\t<section class=\"elementor-section elementor-inner-section elementor-element elementor-element-92d9045 elementor-section-boxed elementor-section-height-default elementor-section-height-default\" data-id=\"92d9045\" data-element_type=\"section\">\n\t\t\t\t\t\t<div class=\"elementor-container elementor-column-gap-default\">\n\t\t\t\t\t\t\t<div class=\"elementor-row\">\n\t\t\t\t\t<div class=\"elementor-column elementor-col-50 elementor-inner-column elementor-element elementor-element-0b5e4d4\" data-id=\"0b5e4d4\" data-element_type=\"column\">\n\t\t\t<div class=\"elementor-column-wrap elementor-element-populated\">\n\t\t\t\t\t\t\t<div class=\"elementor-widget-wrap\">\n\t\t\t\t\t\t<div class=\"elementor-element elementor-element-38d9214 elementor-widget elementor-widget-image\" data-id=\"38d9214\" data-element_type=\"widget\" data-widget_type=\"image.default\">\n\t\t\t\t<div class=\"elementor-widget-container\">\n\t\t\t\t\t<div class=\"elementor-image\">\n\t\t\t\t\t\t\t<figure class=\"wp-caption\">\n\t\t\t\t\t\t\t\t\t\t<img loading=\"lazy\" decoding=\"async\" width=\"178\" height=\"183\" src=\"https:\/\/fecovi.coop\/web\/wp-content\/uploads\/2022\/10\/bb.jpg\" class=\"attachment-large size-large\" alt=\"\" \/>\t\t\t\t\t\t\t\t\t\t\t<figcaption class=\"widget-image-caption wp-caption-text\">CAROLINA ROSSI DENIS<\/figcaption>\n\t\t\t\t\t\t\t\t\t\t<\/figure>\n\t\t\t\t\t<\/div>\n\t\t\t\t<\/div>\n\t\t\t\t<\/div>\n\t\t\t\t\t\t<\/div>\n\t\t\t\t\t<\/div>\n\t\t<\/div>\n\t\t\t\t<div class=\"elementor-column elementor-col-50 elementor-inner-column elementor-element elementor-element-15afb84\" data-id=\"15afb84\" data-element_type=\"column\">\n\t\t\t<div class=\"elementor-column-wrap elementor-element-populated\">\n\t\t\t\t\t\t\t<div class=\"elementor-widget-wrap\">\n\t\t\t\t\t\t<div class=\"elementor-element elementor-element-e6527d9 elementor-widget elementor-widget-text-editor\" data-id=\"e6527d9\" data-element_type=\"widget\" data-widget_type=\"text-editor.default\">\n\t\t\t\t<div class=\"elementor-widget-container\">\n\t\t\t\t\t<div class=\"elementor-text-editor elementor-clearfix\"><h3><span dir=\"ltr\" role=\"presentation\">Cooperativa<\/span> <span dir=\"ltr\" role=\"presentation\">Amar\u00fa<\/span><\/h3>\n<p>Integra la cooperativa Amar\u00fa desde 2020. En las elecciones realizadas en octubre de ese a\u00f1o fue electa para integrar la CEFIC. Desde entonces participa de la<br \/>misma. La cooperativa en su conjunto ha valorado de manera favorable su desempe\u00f1o, por proponer diferentes actividades para el fortalecimiento y desarrollo del grupo; participando de todas las instancias, siempre dispuesta a colaborar. Carolina es una mujer joven, comprometida con la cooperativa y con el sistema cooperativo en general, con ganas de participar en el lugar que se la necesite y aportar lo que est\u00e9 a su alcance.<\/p><\/div>\n\t\t\t\t<\/div>\n\t\t\t\t<\/div>\n\t\t\t\t\t\t<\/div>\n\t\t\t\t\t<\/div>\n\t\t<\/div>\n\t\t\t\t\t\t\t\t<\/div>\n\t\t\t\t\t<\/div>\n\t\t<\/section>\n\t\t\t\t<section class=\"elementor-section elementor-inner-section elementor-element elementor-element-d6c246d elementor-section-boxed elementor-section-height-default elementor-section-height-default\" data-id=\"d6c246d\" data-element_type=\"section\">\n\t\t\t\t\t\t<div class=\"elementor-container elementor-column-gap-default\">\n\t\t\t\t\t\t\t<div class=\"elementor-row\">\n\t\t\t\t\t<div class=\"elementor-column elementor-col-50 elementor-inner-column elementor-element elementor-element-8982420\" data-id=\"8982420\" data-element_type=\"column\">\n\t\t\t<div class=\"elementor-column-wrap elementor-element-populated\">\n\t\t\t\t\t\t\t<div class=\"elementor-widget-wrap\">\n\t\t\t\t\t\t<div class=\"elementor-element elementor-element-953f539 elementor-widget elementor-widget-image\" data-id=\"953f539\" data-element_type=\"widget\" data-widget_type=\"image.default\">\n\t\t\t\t<div class=\"elementor-widget-container\">\n\t\t\t\t\t<div class=\"elementor-image\">\n\t\t\t\t\t\t\t<figure class=\"wp-caption\">\n\t\t\t\t\t\t\t\t\t\t<img loading=\"lazy\" decoding=\"async\" width=\"178\" height=\"183\" src=\"https:\/\/fecovi.coop\/web\/wp-content\/uploads\/2022\/10\/bbb.jpg\" class=\"attachment-large size-large\" alt=\"\" \/>\t\t\t\t\t\t\t\t\t\t\t<figcaption class=\"widget-image-caption wp-caption-text\">DENIS LUIS KLARIC MART\u00cdNEZ<\/figcaption>\n\t\t\t\t\t\t\t\t\t\t<\/figure>\n\t\t\t\t\t<\/div>\n\t\t\t\t<\/div>\n\t\t\t\t<\/div>\n\t\t\t\t\t\t<\/div>\n\t\t\t\t\t<\/div>\n\t\t<\/div>\n\t\t\t\t<div class=\"elementor-column elementor-col-50 elementor-inner-column elementor-element elementor-element-e8073de\" data-id=\"e8073de\" data-element_type=\"column\">\n\t\t\t<div class=\"elementor-column-wrap elementor-element-populated\">\n\t\t\t\t\t\t\t<div class=\"elementor-widget-wrap\">\n\t\t\t\t\t\t<div class=\"elementor-element elementor-element-dd8b5b4 elementor-widget elementor-widget-text-editor\" data-id=\"dd8b5b4\" data-element_type=\"widget\" data-widget_type=\"text-editor.default\">\n\t\t\t\t<div class=\"elementor-widget-container\">\n\t\t\t\t\t<div class=\"elementor-text-editor elementor-clearfix\"><h3><span dir=\"ltr\" role=\"presentation\">Cooperativa<\/span> <span dir=\"ltr\" role=\"presentation\">Coviafutu<\/span><\/h3>\n<p>Denis es integrante de la cooperativa COVIAFUTU, que se encuentra en v\u00edas de construcci\u00f3n.<br \/>Integr\u00f3 en ella la Comisi\u00f3n Fiscal y actualmente la Comisi\u00f3n de Movilizaci\u00f3n en FECOVI.<br \/>Siempre est\u00e1 disponible para cualquier lucha social e incentivar la participaci\u00f3n.<br \/>Le interesa la participaci\u00f3n en la CEFIC y poder aportar en este nuevo camino.<\/p><\/div>\n\t\t\t\t<\/div>\n\t\t\t\t<\/div>\n\t\t\t\t\t\t<\/div>\n\t\t\t\t\t<\/div>\n\t\t<\/div>\n\t\t\t\t\t\t\t\t<\/div>\n\t\t\t\t\t<\/div>\n\t\t<\/section>\n\t\t\t\t<section class=\"elementor-section elementor-inner-section elementor-element elementor-element-0295ab4 elementor-section-boxed elementor-section-height-default elementor-section-height-default\" data-id=\"0295ab4\" data-element_type=\"section\">\n\t\t\t\t\t\t<div class=\"elementor-container elementor-column-gap-default\">\n\t\t\t\t\t\t\t<div class=\"elementor-row\">\n\t\t\t\t\t<div class=\"elementor-column elementor-col-50 elementor-inner-column elementor-element elementor-element-bf34266\" data-id=\"bf34266\" data-element_type=\"column\">\n\t\t\t<div class=\"elementor-column-wrap elementor-element-populated\">\n\t\t\t\t\t\t\t<div class=\"elementor-widget-wrap\">\n\t\t\t\t\t\t<div class=\"elementor-element elementor-element-95737a5 elementor-widget elementor-widget-image\" data-id=\"95737a5\" data-element_type=\"widget\" data-widget_type=\"image.default\">\n\t\t\t\t<div class=\"elementor-widget-container\">\n\t\t\t\t\t<div class=\"elementor-image\">\n\t\t\t\t\t\t\t<figure class=\"wp-caption\">\n\t\t\t\t\t\t\t\t\t\t<img loading=\"lazy\" decoding=\"async\" width=\"178\" height=\"183\" src=\"https:\/\/fecovi.coop\/web\/wp-content\/uploads\/2022\/10\/bbbb.jpg\" class=\"attachment-large size-large\" alt=\"\" \/>\t\t\t\t\t\t\t\t\t\t\t<figcaption class=\"widget-image-caption wp-caption-text\">DIEGO NICOL\u00c1S D\u00cdAZ G\u00d3MEZ<\/figcaption>\n\t\t\t\t\t\t\t\t\t\t<\/figure>\n\t\t\t\t\t<\/div>\n\t\t\t\t<\/div>\n\t\t\t\t<\/div>\n\t\t\t\t\t\t<\/div>\n\t\t\t\t\t<\/div>\n\t\t<\/div>\n\t\t\t\t<div class=\"elementor-column elementor-col-50 elementor-inner-column elementor-element elementor-element-76f3a0b\" data-id=\"76f3a0b\" data-element_type=\"column\">\n\t\t\t<div class=\"elementor-column-wrap elementor-element-populated\">\n\t\t\t\t\t\t\t<div class=\"elementor-widget-wrap\">\n\t\t\t\t\t\t<div class=\"elementor-element elementor-element-d619526 elementor-widget elementor-widget-text-editor\" data-id=\"d619526\" data-element_type=\"widget\" data-widget_type=\"text-editor.default\">\n\t\t\t\t<div class=\"elementor-widget-container\">\n\t\t\t\t\t<div class=\"elementor-text-editor elementor-clearfix\"><h3><span dir=\"ltr\" role=\"presentation\">Cooperativa<\/span> <span dir=\"ltr\" role=\"presentation\">Vilari\u00f1a<\/span><\/h3>\n<p>Diego tiene 29 a\u00f1os, e integra la cooperativa de vivienda Vilari\u00f1a.<br \/>Est\u00e1 interesado en brindar un granito de arena para apoyar a esta causa de seguir creciendo en los movimientos cooperativistas.<\/p><\/div>\n\t\t\t\t<\/div>\n\t\t\t\t<\/div>\n\t\t\t\t\t\t<\/div>\n\t\t\t\t\t<\/div>\n\t\t<\/div>\n\t\t\t\t\t\t\t\t<\/div>\n\t\t\t\t\t<\/div>\n\t\t<\/section>\n\t\t\t\t<section class=\"elementor-section elementor-inner-section elementor-element elementor-element-f2430ba elementor-section-boxed elementor-section-height-default elementor-section-height-default\" data-id=\"f2430ba\" data-element_type=\"section\">\n\t\t\t\t\t\t<div class=\"elementor-container elementor-column-gap-default\">\n\t\t\t\t\t\t\t<div class=\"elementor-row\">\n\t\t\t\t\t<div class=\"elementor-column elementor-col-50 elementor-inner-column elementor-element elementor-element-1762222\" data-id=\"1762222\" data-element_type=\"column\">\n\t\t\t<div class=\"elementor-column-wrap elementor-element-populated\">\n\t\t\t\t\t\t\t<div class=\"elementor-widget-wrap\">\n\t\t\t\t\t\t<div class=\"elementor-element elementor-element-8a9fb8d elementor-widget elementor-widget-image\" data-id=\"8a9fb8d\" data-element_type=\"widget\" data-widget_type=\"image.default\">\n\t\t\t\t<div class=\"elementor-widget-container\">\n\t\t\t\t\t<div class=\"elementor-image\">\n\t\t\t\t\t\t\t<figure class=\"wp-caption\">\n\t\t\t\t\t\t\t\t\t\t<img loading=\"lazy\" decoding=\"async\" width=\"178\" height=\"183\" src=\"https:\/\/fecovi.coop\/web\/wp-content\/uploads\/2022\/10\/bbbbb.jpg\" class=\"attachment-large size-large\" alt=\"\" \/>\t\t\t\t\t\t\t\t\t\t\t<figcaption class=\"widget-image-caption wp-caption-text\">JOS\u00c9 DAR\u00cdO FIORELLI<\/figcaption>\n\t\t\t\t\t\t\t\t\t\t<\/figure>\n\t\t\t\t\t<\/div>\n\t\t\t\t<\/div>\n\t\t\t\t<\/div>\n\t\t\t\t\t\t<\/div>\n\t\t\t\t\t<\/div>\n\t\t<\/div>\n\t\t\t\t<div class=\"elementor-column elementor-col-50 elementor-inner-column elementor-element elementor-element-d19a9e9\" data-id=\"d19a9e9\" data-element_type=\"column\">\n\t\t\t<div class=\"elementor-column-wrap elementor-element-populated\">\n\t\t\t\t\t\t\t<div class=\"elementor-widget-wrap\">\n\t\t\t\t\t\t<div class=\"elementor-element elementor-element-dc408d0 elementor-widget elementor-widget-text-editor\" data-id=\"dc408d0\" data-element_type=\"widget\" data-widget_type=\"text-editor.default\">\n\t\t\t\t<div class=\"elementor-widget-container\">\n\t\t\t\t\t<div class=\"elementor-text-editor elementor-clearfix\"><h3><span dir=\"ltr\" role=\"presentation\">Cooperativa<\/span> <span dir=\"ltr\" role=\"presentation\">Andamios<\/span><\/h3>\n<p>Joselo es cooperativista, integrante de la Cooperativa Andamios.<br \/>Se desempe\u00f1\u00f3 en la misma en el cargo de Tesorero.<br \/>Es un vecino activo y entusiasta.<\/p><\/div>\n\t\t\t\t<\/div>\n\t\t\t\t<\/div>\n\t\t\t\t\t\t<\/div>\n\t\t\t\t\t<\/div>\n\t\t<\/div>\n\t\t\t\t\t\t\t\t<\/div>\n\t\t\t\t\t<\/div>\n\t\t<\/section>\n\t\t\t\t<section class=\"elementor-section elementor-inner-section elementor-element elementor-element-3ee20a6 elementor-section-boxed elementor-section-height-default elementor-section-height-default\" data-id=\"3ee20a6\" data-element_type=\"section\">\n\t\t\t\t\t\t<div class=\"elementor-container elementor-column-gap-default\">\n\t\t\t\t\t\t\t<div class=\"elementor-row\">\n\t\t\t\t\t<div class=\"elementor-column elementor-col-50 elementor-inner-column elementor-element elementor-element-c2003a5\" data-id=\"c2003a5\" data-element_type=\"column\">\n\t\t\t<div class=\"elementor-column-wrap elementor-element-populated\">\n\t\t\t\t\t\t\t<div class=\"elementor-widget-wrap\">\n\t\t\t\t\t\t<div class=\"elementor-element elementor-element-daf0104 elementor-widget elementor-widget-image\" data-id=\"daf0104\" data-element_type=\"widget\" data-widget_type=\"image.default\">\n\t\t\t\t<div class=\"elementor-widget-container\">\n\t\t\t\t\t<div class=\"elementor-image\">\n\t\t\t\t\t\t\t<figure class=\"wp-caption\">\n\t\t\t\t\t\t\t\t\t\t<img loading=\"lazy\" decoding=\"async\" width=\"178\" height=\"183\" src=\"https:\/\/fecovi.coop\/web\/wp-content\/uploads\/2022\/10\/bbbbbb.jpg\" class=\"attachment-large size-large\" alt=\"\" \/>\t\t\t\t\t\t\t\t\t\t\t<figcaption class=\"widget-image-caption wp-caption-text\">LAURA V\u00c1ZQUEZ<\/figcaption>\n\t\t\t\t\t\t\t\t\t\t<\/figure>\n\t\t\t\t\t<\/div>\n\t\t\t\t<\/div>\n\t\t\t\t<\/div>\n\t\t\t\t\t\t<\/div>\n\t\t\t\t\t<\/div>\n\t\t<\/div>\n\t\t\t\t<div class=\"elementor-column elementor-col-50 elementor-inner-column elementor-element elementor-element-3c2eb04\" data-id=\"3c2eb04\" data-element_type=\"column\">\n\t\t\t<div class=\"elementor-column-wrap elementor-element-populated\">\n\t\t\t\t\t\t\t<div class=\"elementor-widget-wrap\">\n\t\t\t\t\t\t<div class=\"elementor-element elementor-element-f93dd43 elementor-widget elementor-widget-text-editor\" data-id=\"f93dd43\" data-element_type=\"widget\" data-widget_type=\"text-editor.default\">\n\t\t\t\t<div class=\"elementor-widget-container\">\n\t\t\t\t\t<div class=\"elementor-text-editor elementor-clearfix\"><h3><span dir=\"ltr\" role=\"presentation\">Cooperativa<\/span> <span dir=\"ltr\" role=\"presentation\">La Fuga<\/span><\/h3>\n<p>Laura es licenciada en Enfermer\u00eda y se desempe\u00f1a actualmente en el \u00e1rea de G\u00e9nero.<br \/>Forma parte de la cooperativa La Fuga desde su fundaci\u00f3n, participando de varias comisiones, particularmente apoyando a la Comisi\u00f3n de Educaci\u00f3n, Fomento e Integraci\u00f3n Cooperativa (CEFIC)<\/p><\/div>\n\t\t\t\t<\/div>\n\t\t\t\t<\/div>\n\t\t\t\t\t\t<\/div>\n\t\t\t\t\t<\/div>\n\t\t<\/div>\n\t\t\t\t\t\t\t\t<\/div>\n\t\t\t\t\t<\/div>\n\t\t<\/section>\n\t\t\t\t<section class=\"elementor-section elementor-inner-section elementor-element elementor-element-a66cb05 elementor-section-boxed elementor-section-height-default elementor-section-height-default\" data-id=\"a66cb05\" data-element_type=\"section\">\n\t\t\t\t\t\t<div class=\"elementor-container elementor-column-gap-default\">\n\t\t\t\t\t\t\t<div class=\"elementor-row\">\n\t\t\t\t\t<div class=\"elementor-column elementor-col-50 elementor-inner-column elementor-element elementor-element-28a10bf\" data-id=\"28a10bf\" data-element_type=\"column\">\n\t\t\t<div class=\"elementor-column-wrap elementor-element-populated\">\n\t\t\t\t\t\t\t<div class=\"elementor-widget-wrap\">\n\t\t\t\t\t\t<div class=\"elementor-element elementor-element-87139e1 elementor-widget elementor-widget-image\" data-id=\"87139e1\" data-element_type=\"widget\" data-widget_type=\"image.default\">\n\t\t\t\t<div class=\"elementor-widget-container\">\n\t\t\t\t\t<div class=\"elementor-image\">\n\t\t\t\t\t\t\t<figure class=\"wp-caption\">\n\t\t\t\t\t\t\t\t\t\t<img loading=\"lazy\" decoding=\"async\" width=\"178\" height=\"166\" src=\"https:\/\/fecovi.coop\/web\/wp-content\/uploads\/2022\/10\/bbbbbbb.jpg\" class=\"attachment-large size-large\" alt=\"\" \/>\t\t\t\t\t\t\t\t\t\t\t<figcaption class=\"widget-image-caption wp-caption-text\">RENZO DI SIERVI<\/figcaption>\n\t\t\t\t\t\t\t\t\t\t<\/figure>\n\t\t\t\t\t<\/div>\n\t\t\t\t<\/div>\n\t\t\t\t<\/div>\n\t\t\t\t\t\t<\/div>\n\t\t\t\t\t<\/div>\n\t\t<\/div>\n\t\t\t\t<div class=\"elementor-column elementor-col-50 elementor-inner-column elementor-element elementor-element-10c41b7\" data-id=\"10c41b7\" data-element_type=\"column\">\n\t\t\t<div class=\"elementor-column-wrap elementor-element-populated\">\n\t\t\t\t\t\t\t<div class=\"elementor-widget-wrap\">\n\t\t\t\t\t\t<div class=\"elementor-element elementor-element-e83b96f elementor-widget elementor-widget-text-editor\" data-id=\"e83b96f\" data-element_type=\"widget\" data-widget_type=\"text-editor.default\">\n\t\t\t\t<div class=\"elementor-widget-container\">\n\t\t\t\t\t<div class=\"elementor-text-editor elementor-clearfix\"><h3><span dir=\"ltr\" role=\"presentation\">Cooperativa<\/span> <span dir=\"ltr\" role=\"presentation\">La Fuga<\/span><\/h3>\n<p>Renzo es odont\u00f3logo, docente universitario y militante estudiantil durante varios a\u00f1os.<br \/>Forma parte de la cooperativa La Fuga desde el a\u00f1o 2019 e integra la Comisi\u00f3n de Educaci\u00f3n, Fomento e Integraci\u00f3n Cooperativa (CEFIC) desde 2020.<\/p><\/div>\n\t\t\t\t<\/div>\n\t\t\t\t<\/div>\n\t\t\t\t\t\t<\/div>\n\t\t\t\t\t<\/div>\n\t\t<\/div>\n\t\t\t\t\t\t\t\t<\/div>\n\t\t\t\t\t<\/div>\n\t\t<\/section>\n\t\t\t\t<section class=\"elementor-section elementor-inner-section elementor-element elementor-element-6516cbd elementor-section-boxed elementor-section-height-default elementor-section-height-default\" data-id=\"6516cbd\" data-element_type=\"section\">\n\t\t\t\t\t\t<div class=\"elementor-container elementor-column-gap-default\">\n\t\t\t\t\t\t\t<div class=\"elementor-row\">\n\t\t\t\t\t<div class=\"elementor-column elementor-col-50 elementor-inner-column elementor-element elementor-element-e5af11c\" data-id=\"e5af11c\" data-element_type=\"column\">\n\t\t\t<div class=\"elementor-column-wrap elementor-element-populated\">\n\t\t\t\t\t\t\t<div class=\"elementor-widget-wrap\">\n\t\t\t\t\t\t<div class=\"elementor-element elementor-element-a295a64 elementor-widget elementor-widget-image\" data-id=\"a295a64\" data-element_type=\"widget\" data-widget_type=\"image.default\">\n\t\t\t\t<div class=\"elementor-widget-container\">\n\t\t\t\t\t<div class=\"elementor-image\">\n\t\t\t\t\t\t\t<figure class=\"wp-caption\">\n\t\t\t\t\t\t\t\t\t\t<img loading=\"lazy\" decoding=\"async\" width=\"157\" height=\"183\" src=\"https:\/\/fecovi.coop\/web\/wp-content\/uploads\/2022\/10\/88.jpg\" class=\"attachment-large size-large\" alt=\"\" \/>\t\t\t\t\t\t\t\t\t\t\t<figcaption class=\"widget-image-caption wp-caption-text\">SANDRA RAYMONDO<\/figcaption>\n\t\t\t\t\t\t\t\t\t\t<\/figure>\n\t\t\t\t\t<\/div>\n\t\t\t\t<\/div>\n\t\t\t\t<\/div>\n\t\t\t\t\t\t<\/div>\n\t\t\t\t\t<\/div>\n\t\t<\/div>\n\t\t\t\t<div class=\"elementor-column elementor-col-50 elementor-inner-column elementor-element elementor-element-e29afb4\" data-id=\"e29afb4\" data-element_type=\"column\">\n\t\t\t<div class=\"elementor-column-wrap elementor-element-populated\">\n\t\t\t\t\t\t\t<div class=\"elementor-widget-wrap\">\n\t\t\t\t\t\t<div class=\"elementor-element elementor-element-c820bd1 elementor-widget elementor-widget-text-editor\" data-id=\"c820bd1\" data-element_type=\"widget\" data-widget_type=\"text-editor.default\">\n\t\t\t\t<div class=\"elementor-widget-container\">\n\t\t\t\t\t<div class=\"elementor-text-editor elementor-clearfix\"><h3><span dir=\"ltr\" role=\"presentation\">Cooperativa<\/span> <span dir=\"ltr\" role=\"presentation\">La Fuga<\/span><\/h3>\n<p>Sandra es funcionaria de CASMU, miembro de la Directiva de AFCASMU durante varios per\u00edodos.<br \/>Forma parte de la Cooperativa La Fuga desde el a\u00f1o 2018.<br \/>Actualmente participa de la Comisi\u00f3n de Educaci\u00f3n, Fomento e Integraci\u00f3n Cooperativa (CEFIC) de la cooperativa en su segundo a\u00f1o de per\u00edodo.<\/p><\/div>\n\t\t\t\t<\/div>\n\t\t\t\t<\/div>\n\t\t\t\t\t\t<\/div>\n\t\t\t\t\t<\/div>\n\t\t<\/div>\n\t\t\t\t\t\t\t\t<\/div>\n\t\t\t\t\t<\/div>\n\t\t<\/section>\n\t\t\t\t\t\t<\/div>\n\t\t\t\t\t<\/div>\n\t\t<\/div>\n\t\t\t\t\t\t\t\t<\/div>\n\t\t\t\t\t<\/div>\n\t\t<\/section>\n\t\t\t\t\t\t<\/div>\n\t\t\t\t\t\t<\/div>\n\t\t\t\t\t<\/div>\n\t\t","protected":false},"excerpt":{"rendered":"<p>CANDIDATOS AL CONSEJO DIRECTIVO ALICIA MARIANA GALV\u00c1N RIVERO Cooperativa Verdesur Mariana es socia fundadora de la Cooperativa Verdesur, fue electa por segunda vez como presidenta de la misma en la &#8230;<\/p>\n","protected":false},"author":1,"featured_media":9067,"comment_status":"closed","ping_status":"closed","sticky":false,"template":"","format":"standard","meta":{"footnotes":""},"categories":[2],"tags":[],"class_list":["post-9096","post","type-post","status-publish","format-standard","has-post-thumbnail","hentry","category-noticias"],"_links":{"self":[{"href":"https:\/\/fecovi.coop\/web\/wp-json\/wp\/v2\/posts\/9096","targetHints":{"allow":["GET"]}}],"collection":[{"href":"https:\/\/fecovi.coop\/web\/wp-json\/wp\/v2\/posts"}],"about":[{"href":"https:\/\/fecovi.coop\/web\/wp-json\/wp\/v2\/types\/post"}],"author":[{"embeddable":true,"href":"https:\/\/fecovi.coop\/web\/wp-json\/wp\/v2\/users\/1"}],"replies":[{"embeddable":true,"href":"https:\/\/fecovi.coop\/web\/wp-json\/wp\/v2\/comments?post=9096"}],"version-history":[{"count":180,"href":"https:\/\/fecovi.coop\/web\/wp-json\/wp\/v2\/posts\/9096\/revisions"}],"predecessor-version":[{"id":9304,"href":"https:\/\/fecovi.coop\/web\/wp-json\/wp\/v2\/posts\/9096\/revisions\/9304"}],"wp:featuredmedia":[{"embeddable":true,"href":"https:\/\/fecovi.coop\/web\/wp-json\/wp\/v2\/media\/9067"}],"wp:attachment":[{"href":"https:\/\/fecovi.coop\/web\/wp-json\/wp\/v2\/media?parent=9096"}],"wp:term":[{"taxonomy":"category","embeddable":true,"href":"https:\/\/fecovi.coop\/web\/wp-json\/wp\/v2\/categories?post=9096"},{"taxonomy":"post_tag","embeddable":true,"href":"https:\/\/fecovi.coop\/web\/wp-json\/wp\/v2\/tags?post=9096"}],"curies":[{"name":"wp","href":"https:\/\/api.w.org\/{rel}","templated":true}]}}