{"id":9093,"date":"2022-10-21T18:17:43","date_gmt":"2022-10-21T18:17:43","guid":{"rendered":"https:\/\/fecovi.coop\/web\/?p=9093"},"modified":"2022-10-21T18:17:45","modified_gmt":"2022-10-21T18:17:45","slug":"tercer-ciclo-de-reflexion-e-intercambio-sobre-vivienda-social-en-uruguay","status":"publish","type":"post","link":"https:\/\/fecovi.coop\/web\/tercer-ciclo-de-reflexion-e-intercambio-sobre-vivienda-social-en-uruguay\/","title":{"rendered":"Tercer Ciclo de reflexi\u00f3n e intercambio sobre Vivienda Social en Uruguay\u00a0"},"content":{"rendered":"\n<figure class=\"wp-block-image size-full\"><img loading=\"lazy\" decoding=\"async\" width=\"800\" height=\"633\" src=\"https:\/\/fecovi.coop\/web\/wp-content\/uploads\/2022\/10\/Web.jpg\" alt=\"\" class=\"wp-image-9094\" srcset=\"https:\/\/fecovi.coop\/web\/wp-content\/uploads\/2022\/10\/Web.jpg 800w, https:\/\/fecovi.coop\/web\/wp-content\/uploads\/2022\/10\/Web-300x237.jpg 300w, https:\/\/fecovi.coop\/web\/wp-content\/uploads\/2022\/10\/Web-768x608.jpg 768w\" sizes=\"auto, (max-width: 800px) 100vw, 800px\" \/><\/figure>\n\n\n\n<p>Este mi\u00e9rcoles 19 de octubre se realiz\u00f3 el tercero de los cuatro encuentros del Ciclo de reflexi\u00f3n e intercambio sobre Vivienda Social organizado por FECOVI.<\/p>\n\n\n\n<p>Sobre la tem\u00e1tica de \u00abCooperativismo de vivienda como modelo social y pol\u00edticas p\u00fablicas para su promoci\u00f3n\u00bb expusieron en esta oportunidad el Prof. Dr. Gustavo Machado (Jefe del Departamento Social de la Agencia Nacional de Vivienda), el Ec. Mauricio Zunino (Intendente interino de Montevideo, IM), Mart\u00edn Fern\u00e1ndez (presidente de Inacoop) y la Prof. Mag. Adriana Berd\u00eda (docente e investigadora del Departamento de Trabajo Social de la Universidad de la Rep\u00fablica).&nbsp;&nbsp;<\/p>\n\n\n\n<p>La moderaci\u00f3n estuvo a cargo de la Lic. T.S Elvira Gonz\u00e1lez, asesora de FECOVI.&nbsp;<\/p>\n","protected":false},"excerpt":{"rendered":"<p>Este mi\u00e9rcoles 19 de octubre se realiz\u00f3 el tercero de los cuatro encuentros del Ciclo de reflexi\u00f3n e intercambio sobre Vivienda Social organizado por FECOVI. Sobre la tem\u00e1tica de \u00abCooperativismo &#8230;<\/p>\n","protected":false},"author":1,"featured_media":9094,"comment_status":"closed","ping_status":"closed","sticky":false,"template":"","format":"standard","meta":{"footnotes":""},"categories":[2],"tags":[],"class_list":["post-9093","post","type-post","status-publish","format-standard","has-post-thumbnail","hentry","category-noticias"],"_links":{"self":[{"href":"https:\/\/fecovi.coop\/web\/wp-json\/wp\/v2\/posts\/9093","targetHints":{"allow":["GET"]}}],"collection":[{"href":"https:\/\/fecovi.coop\/web\/wp-json\/wp\/v2\/posts"}],"about":[{"href":"https:\/\/fecovi.coop\/web\/wp-json\/wp\/v2\/types\/post"}],"author":[{"embeddable":true,"href":"https:\/\/fecovi.coop\/web\/wp-json\/wp\/v2\/users\/1"}],"replies":[{"embeddable":true,"href":"https:\/\/fecovi.coop\/web\/wp-json\/wp\/v2\/comments?post=9093"}],"version-history":[{"count":1,"href":"https:\/\/fecovi.coop\/web\/wp-json\/wp\/v2\/posts\/9093\/revisions"}],"predecessor-version":[{"id":9095,"href":"https:\/\/fecovi.coop\/web\/wp-json\/wp\/v2\/posts\/9093\/revisions\/9095"}],"wp:featuredmedia":[{"embeddable":true,"href":"https:\/\/fecovi.coop\/web\/wp-json\/wp\/v2\/media\/9094"}],"wp:attachment":[{"href":"https:\/\/fecovi.coop\/web\/wp-json\/wp\/v2\/media?parent=9093"}],"wp:term":[{"taxonomy":"category","embeddable":true,"href":"https:\/\/fecovi.coop\/web\/wp-json\/wp\/v2\/categories?post=9093"},{"taxonomy":"post_tag","embeddable":true,"href":"https:\/\/fecovi.coop\/web\/wp-json\/wp\/v2\/tags?post=9093"}],"curies":[{"name":"wp","href":"https:\/\/api.w.org\/{rel}","templated":true}]}}