{"id":9090,"date":"2022-10-18T21:40:09","date_gmt":"2022-10-18T21:40:09","guid":{"rendered":"https:\/\/fecovi.coop\/web\/?p=9090"},"modified":"2022-10-18T21:45:40","modified_gmt":"2022-10-18T21:45:40","slug":"ciclo-sobre-vivienda-social-de-fecovi","status":"publish","type":"post","link":"https:\/\/fecovi.coop\/web\/ciclo-sobre-vivienda-social-de-fecovi\/","title":{"rendered":"CICLO SOBRE VIVIENDA SOCIAL DE FECOVI"},"content":{"rendered":"\n<h2 class=\"wp-block-heading\">Director de Vivienda dijo que la mitad de la inversi\u00f3n que hace el MVOT se destina a cooperativas.<\/h2>\n\n\n\n<p><strong>Jorge Ceretta agreg\u00f3 que es la forma principal en la que la cartera genera vivienda y asegur\u00f3 que \u201clo que funciona bien no queremos tocarlo\u201d <\/strong><\/p>\n\n\n\n<p><strong>Leandro Fern\u00e1ndez <\/strong><\/p>\n\n\n\n<p>En el sal\u00f3n de actos de la Federaci\u00f3n de Cooperativas de Vivienda (Fecovi), se realiz\u00f3 ayer la actividad \u201cVivienda social: de d\u00f3nde venimos,c\u00f3mo estamos y hacia d\u00f3nde deber\u00edamos ir\u201d. Es el primer encuentro del ciclo organizado por la federaci\u00f3n para la reflexi\u00f3n e intercambio entre autoridades de gobierno, cooperativistas y acad\u00e9micos sobre la vivienda social en Uruguay.<\/p>\n\n\n\n<p>Jorge Ceretta, director nacional de Vivienda, dijo que a principio del per\u00edodo el Ministerio de Vivienda y Ordenamiento Territorial (MVOT) analiz\u00f3 la realidad en materia habitacional y que hoy maneja que el d\u00e9ficit est\u00e1 en torno a las 60.000 familias. Apunt\u00f3 que es necesario hacer \u201calgo m\u00e1s\u201d para poder aumentar la oferta de viviendas. En ese sentido, destac\u00f3 a la ley de vivienda promovida, \u201cque, m\u00e1s all\u00e1 de las pol\u00e9micas y de las fortalezas y debilidades que podamos encontrar, genera vivienda\u201d.<\/p>\n\n\n\n<p>Agreg\u00f3 que m\u00e1s de la mitad de la inversi\u00f3n que hace el MVOT en vivienda se destina al programa de cooperativas. Seg\u00fan \u00e9l, esa es la forma principal en que la cartera genera vivienda, y asegur\u00f3 que \u201clo que funciona bien no queremos tocarlo\u201d. Se tomaron medidas para que el programa sea m\u00e1s eficiente y evitar \u201calgunas situaciones\u201d que determinaron que algunas cooperativas quedaran por el camino o que vieran demasiado demorado su acceso a la vivienda.<\/p>\n\n\n\n<p>\u201cSe hab\u00eda generado un cuello de botella muy importante en la escrituraci\u00f3n y la posibilidad de acceder al comienzo de la obra. Una vez que se despej\u00f3 el panorama, abordamos el tema de avanzar y mejorar esas estad\u00edsticas\u201d, cont\u00f3. En el primer a\u00f1o escrituraron 40 cooperativas, en el segundo a\u00f1o 43 y este a\u00f1o se proyecta escriturar m\u00e1s de 60 cooperativas, es decir, \u201cque 6.700 viviendas van a ver sus posibilidades reales de comienzo de obra\u201d, asegur\u00f3.<\/p>\n\n\n\n<p>A su turno, Klaus Mill von Metzen, presidente de la Agencia Nacional de Vivienda (ANV), indic\u00f3 que la agencia cumple un rol fundamental en la gesti\u00f3n de las distintas carteras, tanto las que provienen del Banco Hipotecario del Uruguay, donde se encuentra el fideicomiso uno, y las cooperativas en su conjunto desde la parte inicial hasta la parte posterior del reingreso de los cr\u00e9ditos. \u201cLas federaciones nos reclaman c\u00f3mo encontrar una soluci\u00f3n a las distintas problem\u00e1ticas, la falta de gesti\u00f3n a las distintas cooperativas, hoy estamos tratando de resolverlo\u201d, dijo, y record\u00f3 que \u201cel due\u00f1o de la cartera de los fideicomisos es el Ministerio de Econom\u00eda y Finanzas, que es quien tiene la potestad \u00faltima de decir por d\u00f3nde se puede ir\u201d, Finalmente, Luis Llorca, secretario general de Fecovi, habl\u00f3 sobre el cooperativismo como \u201cfilosof\u00eda de vida\u201d. \u201cLas cooperativas cumplen un rol social que tenemos que reivindicar. Muchas veces un compa\u00f1ero cooperativista llega totalmente excluido porque el sistema no le permite desarrollar sus competencias y la cooperativa le da un lugar\u201d, dijo.<\/p>\n\n\n\n<p>\u201cEl conocimiento en la sociedad moderna libera\u201d, apunt\u00f3, y se\u00f1al\u00f3 que en las cooperativas \u201cestamos permanentemente educ\u00e1ndonos\u201d.<\/p>\n","protected":false},"excerpt":{"rendered":"<p>Director de Vivienda dijo que la mitad de la inversi\u00f3n que hace el MVOT se destina a cooperativas. Jorge Ceretta agreg\u00f3 que es la forma principal en la que la &#8230;<\/p>\n","protected":false},"author":1,"featured_media":9092,"comment_status":"closed","ping_status":"closed","sticky":false,"template":"","format":"standard","meta":{"footnotes":""},"categories":[81],"tags":[],"class_list":["post-9090","post","type-post","status-publish","format-standard","has-post-thumbnail","hentry","category-prensa"],"_links":{"self":[{"href":"https:\/\/fecovi.coop\/web\/wp-json\/wp\/v2\/posts\/9090","targetHints":{"allow":["GET"]}}],"collection":[{"href":"https:\/\/fecovi.coop\/web\/wp-json\/wp\/v2\/posts"}],"about":[{"href":"https:\/\/fecovi.coop\/web\/wp-json\/wp\/v2\/types\/post"}],"author":[{"embeddable":true,"href":"https:\/\/fecovi.coop\/web\/wp-json\/wp\/v2\/users\/1"}],"replies":[{"embeddable":true,"href":"https:\/\/fecovi.coop\/web\/wp-json\/wp\/v2\/comments?post=9090"}],"version-history":[{"count":1,"href":"https:\/\/fecovi.coop\/web\/wp-json\/wp\/v2\/posts\/9090\/revisions"}],"predecessor-version":[{"id":9091,"href":"https:\/\/fecovi.coop\/web\/wp-json\/wp\/v2\/posts\/9090\/revisions\/9091"}],"wp:featuredmedia":[{"embeddable":true,"href":"https:\/\/fecovi.coop\/web\/wp-json\/wp\/v2\/media\/9092"}],"wp:attachment":[{"href":"https:\/\/fecovi.coop\/web\/wp-json\/wp\/v2\/media?parent=9090"}],"wp:term":[{"taxonomy":"category","embeddable":true,"href":"https:\/\/fecovi.coop\/web\/wp-json\/wp\/v2\/categories?post=9090"},{"taxonomy":"post_tag","embeddable":true,"href":"https:\/\/fecovi.coop\/web\/wp-json\/wp\/v2\/tags?post=9090"}],"curies":[{"name":"wp","href":"https:\/\/api.w.org\/{rel}","templated":true}]}}