{"id":9035,"date":"2022-10-08T13:32:56","date_gmt":"2022-10-08T13:32:56","guid":{"rendered":"https:\/\/fecovi.coop\/web\/?p=9035"},"modified":"2022-10-11T20:46:54","modified_gmt":"2022-10-11T20:46:54","slug":"promocion-del-cooperativismo-por-ahorro-previo-en-soriano-en-el-marco-del-dia-mundial-de-los-sin-techo","status":"publish","type":"post","link":"https:\/\/fecovi.coop\/web\/promocion-del-cooperativismo-por-ahorro-previo-en-soriano-en-el-marco-del-dia-mundial-de-los-sin-techo\/","title":{"rendered":"Promoci\u00f3n del cooperativismo por ahorro previo en Soriano, en el marco del D\u00eda Mundial de los Sin Techo"},"content":{"rendered":"<div class=\"wp-block-image\">\n<figure class=\"aligncenter size-full\"><img loading=\"lazy\" decoding=\"async\" width=\"900\" height=\"506\" src=\"https:\/\/fecovi.coop\/web\/wp-content\/uploads\/2022\/10\/11.jpg\" alt=\"\" class=\"wp-image-9045\" srcset=\"https:\/\/fecovi.coop\/web\/wp-content\/uploads\/2022\/10\/11.jpg 900w, https:\/\/fecovi.coop\/web\/wp-content\/uploads\/2022\/10\/11-300x169.jpg 300w, https:\/\/fecovi.coop\/web\/wp-content\/uploads\/2022\/10\/11-768x432.jpg 768w\" sizes=\"auto, (max-width: 900px) 100vw, 900px\" \/><figcaption><strong><em>Foto de archivo. Departamento de Comunicaci\u00f3n de FECOVI<\/em><\/strong><\/figcaption><\/figure>\n<\/div>\n\n\n<p>En el marco del trabajo que viene desarrollando la Federaci\u00f3n de Cooperativas de Vivienda de Usuarios por Ahorro Previo (FECOVI) en el litoral del pa\u00eds se realiz\u00f3 una charla en la ciudad sorianense. El mismo tiene un hito en el sorteo de la cooperativa Coviappay (34 familias), part\u00edcipe del proyecto urbano en la ex textil sanducera Paylana.<\/p>\n\n\n\n<p>El proyecto urbano mencionado, desarrollado en Paysand\u00fa, fuertemente apoyado por la federaci\u00f3n y otros actores, impuls\u00f3 el camino de la promoci\u00f3n del ahorro previo en cooperativas de usuarios en los departamentos de R\u00edo Negro (Fray Bentos) y Soriano (Mercedes), sitios donde no se conoc\u00eda tal posibilidad.<\/p>\n\n\n\n<p>Consecuentemente con la l\u00ednea de trabajo, la llegada a la ciudad de Dolores, de 19 mil habitantes, cierta din\u00e1mica econ\u00f3mica y d\u00e9ficit habitacional, vino precedida de contactos previos con actores comunitarios, contacto con alcalde y concejales, aporte de informaci\u00f3n y generaci\u00f3n de notas period\u00edsticas.<\/p>\n\n\n\n<p>Con este contexto, el pasado 3 de octubre, d\u00eda mundial de los Sin Techo, se realizaba la charla en el Club San Lorenzo.<br>En tal instancia, con power point y entrega de folleter\u00eda, se hizo presentaci\u00f3n institucional de FECOVI, su interlocuci\u00f3n con la institucionalidad, los apoyos que brinda, las caracter\u00edsticas del ahorro previo y del cooperativismo de vivienda.<br>Tras la presentaci\u00f3n, cercana a las 2 horas, se evacuaron dudas, muchas de ellas relativas al r\u00e9gimen de tenencia, al tiempo que los participantes daban sus primeras impresiones.<\/p>\n\n\n\n<p>Como resultado primario, los asistentes constituyeron un grupo de WhatsApp y quedaron que, despu\u00e9s de la semana de la primavera, se vuelvan a juntar para ver posibilidades de avanzar. Desde la asesor\u00eda regional se seguir\u00e1 en contacto en la perspectiva de alentar la conformaci\u00f3n de una cooperativa en dicha ciudad.<\/p>\n","protected":false},"excerpt":{"rendered":"<p>En el marco del trabajo que viene desarrollando la Federaci\u00f3n de Cooperativas de Vivienda de Usuarios por Ahorro Previo (FECOVI) en el litoral del pa\u00eds se realiz\u00f3 una charla en &#8230;<\/p>\n","protected":false},"author":1,"featured_media":9045,"comment_status":"closed","ping_status":"closed","sticky":false,"template":"","format":"standard","meta":{"footnotes":""},"categories":[2],"tags":[],"class_list":["post-9035","post","type-post","status-publish","format-standard","has-post-thumbnail","hentry","category-noticias"],"_links":{"self":[{"href":"https:\/\/fecovi.coop\/web\/wp-json\/wp\/v2\/posts\/9035","targetHints":{"allow":["GET"]}}],"collection":[{"href":"https:\/\/fecovi.coop\/web\/wp-json\/wp\/v2\/posts"}],"about":[{"href":"https:\/\/fecovi.coop\/web\/wp-json\/wp\/v2\/types\/post"}],"author":[{"embeddable":true,"href":"https:\/\/fecovi.coop\/web\/wp-json\/wp\/v2\/users\/1"}],"replies":[{"embeddable":true,"href":"https:\/\/fecovi.coop\/web\/wp-json\/wp\/v2\/comments?post=9035"}],"version-history":[{"count":3,"href":"https:\/\/fecovi.coop\/web\/wp-json\/wp\/v2\/posts\/9035\/revisions"}],"predecessor-version":[{"id":9047,"href":"https:\/\/fecovi.coop\/web\/wp-json\/wp\/v2\/posts\/9035\/revisions\/9047"}],"wp:featuredmedia":[{"embeddable":true,"href":"https:\/\/fecovi.coop\/web\/wp-json\/wp\/v2\/media\/9045"}],"wp:attachment":[{"href":"https:\/\/fecovi.coop\/web\/wp-json\/wp\/v2\/media?parent=9035"}],"wp:term":[{"taxonomy":"category","embeddable":true,"href":"https:\/\/fecovi.coop\/web\/wp-json\/wp\/v2\/categories?post=9035"},{"taxonomy":"post_tag","embeddable":true,"href":"https:\/\/fecovi.coop\/web\/wp-json\/wp\/v2\/tags?post=9035"}],"curies":[{"name":"wp","href":"https:\/\/api.w.org\/{rel}","templated":true}]}}