{"id":9013,"date":"2022-10-07T11:52:55","date_gmt":"2022-10-07T11:52:55","guid":{"rendered":"https:\/\/fecovi.coop\/web\/?p=9013"},"modified":"2022-10-08T13:09:40","modified_gmt":"2022-10-08T13:09:40","slug":"fecovi-fue-sede-del-primer-encuentro-del-ciclo-de-reflexion-e-intercambio-sobre-vivienda-social-en-uruguay","status":"publish","type":"post","link":"https:\/\/fecovi.coop\/web\/fecovi-fue-sede-del-primer-encuentro-del-ciclo-de-reflexion-e-intercambio-sobre-vivienda-social-en-uruguay\/","title":{"rendered":"FECOVI fue sede del primer encuentro del Ciclo de reflexi\u00f3n e intercambio sobre Vivienda Social en Uruguay"},"content":{"rendered":"\n[Best_Wordpress_Gallery id=\u00bb29&#8243; gal_title=\u00bbencuentro\u00bb]\n\n\n\n<p>Con la participaci\u00f3n de Jorge Ceretta, director nacional de Vivienda del Ministerio de Vivienda, y Ordenamiento Territorial (MVOT), Klaus Mill von Metzen, presidente de la Agencia Nacional de Vivienda (ANV), Ra\u00fal Vall\u00e9s, coordinador del Centro de Vivienda y H\u00e1bitat de la Facultad de Arquitectura, Dise\u00f1o y Urbanismo de UdelaR, Enrique Cal, presidente de FUCVAM y Luis Llorca, secretario general de FECOVI, tuvo lugar este mi\u00e9rcoles 5 de octubre el primer debate del Ciclo de reflexi\u00f3n e intercambio sobre Vivienda Social en Uruguay.<\/p>\n\n\n\n<p>El encuentro cont\u00f3 con invitadas especiales, entre ellas Graciela Fern\u00e1ndez, presidenta de Cooperativas de las Am\u00e9ricas y vicepresidenta de la Alianza Cooperativa Internacional, Alicia Maneiro, presidenta de Cudecoop y Ver\u00f3nica Dodera, directora de la ANV y se desarroll\u00f3 en torno a la tem\u00e1tica \u00abVivienda Social: de d\u00f3nde venimos, c\u00f3mo estamos y hacia d\u00f3nde deber\u00edamos ir\u00bb.<\/p>\n","protected":false},"excerpt":{"rendered":"<p>Con la participaci\u00f3n de Jorge Ceretta, director nacional de Vivienda del Ministerio de Vivienda, y Ordenamiento Territorial (MVOT), Klaus Mill von Metzen, presidente de la Agencia Nacional de Vivienda (ANV), &#8230;<\/p>\n","protected":false},"author":1,"featured_media":9019,"comment_status":"closed","ping_status":"closed","sticky":false,"template":"","format":"standard","meta":{"footnotes":""},"categories":[2],"tags":[],"class_list":["post-9013","post","type-post","status-publish","format-standard","has-post-thumbnail","hentry","category-noticias"],"_links":{"self":[{"href":"https:\/\/fecovi.coop\/web\/wp-json\/wp\/v2\/posts\/9013","targetHints":{"allow":["GET"]}}],"collection":[{"href":"https:\/\/fecovi.coop\/web\/wp-json\/wp\/v2\/posts"}],"about":[{"href":"https:\/\/fecovi.coop\/web\/wp-json\/wp\/v2\/types\/post"}],"author":[{"embeddable":true,"href":"https:\/\/fecovi.coop\/web\/wp-json\/wp\/v2\/users\/1"}],"replies":[{"embeddable":true,"href":"https:\/\/fecovi.coop\/web\/wp-json\/wp\/v2\/comments?post=9013"}],"version-history":[{"count":4,"href":"https:\/\/fecovi.coop\/web\/wp-json\/wp\/v2\/posts\/9013\/revisions"}],"predecessor-version":[{"id":9024,"href":"https:\/\/fecovi.coop\/web\/wp-json\/wp\/v2\/posts\/9013\/revisions\/9024"}],"wp:featuredmedia":[{"embeddable":true,"href":"https:\/\/fecovi.coop\/web\/wp-json\/wp\/v2\/media\/9019"}],"wp:attachment":[{"href":"https:\/\/fecovi.coop\/web\/wp-json\/wp\/v2\/media?parent=9013"}],"wp:term":[{"taxonomy":"category","embeddable":true,"href":"https:\/\/fecovi.coop\/web\/wp-json\/wp\/v2\/categories?post=9013"},{"taxonomy":"post_tag","embeddable":true,"href":"https:\/\/fecovi.coop\/web\/wp-json\/wp\/v2\/tags?post=9013"}],"curies":[{"name":"wp","href":"https:\/\/api.w.org\/{rel}","templated":true}]}}