{"id":8962,"date":"2022-10-04T13:22:04","date_gmt":"2022-10-04T13:22:04","guid":{"rendered":"https:\/\/fecovi.coop\/web\/?p=8962"},"modified":"2022-10-05T12:10:23","modified_gmt":"2022-10-05T12:10:23","slug":"marcha-por-la-conmemoracion-del-dia-internacional-del-habitat-y-de-los-sin-techo","status":"publish","type":"post","link":"https:\/\/fecovi.coop\/web\/marcha-por-la-conmemoracion-del-dia-internacional-del-habitat-y-de-los-sin-techo\/","title":{"rendered":"Cooperativistas de FECOVI se movilizaron junto a Fucvam por el derecho a la tierra, a la vivienda social y en contra de recortes presupuestales"},"content":{"rendered":"\n<h2 class=\"wp-block-heading\">D\u00eda Internacional del H\u00e1bitat y D\u00eda Internacional de los Sin Techo<\/h2>\n\n\n\n<p>La Federaci\u00f3n de Cooperativas de Vivienda de Usuarios por Ahorro Previo (FECOVI) junto a FUCVAM, la Asociaci\u00f3n de Docentes de la Universidad de la Rep\u00fablica (ADUR) y la Uni\u00f3n Nacional de Asalariados, Trabajadores Rurales y Afines (Unatra) se movilizaron este lunes 3 de octubre, en el marco del D\u00eda Internacional del H\u00e1bitat y el D\u00eda Internacional de los Sin Techo para reclamar por el derecho a la tierra, a la vivienda social y en contra de los recortes presupuestales. La movilizaci\u00f3n culmin\u00f3 con una concentraci\u00f3n en la Plaza Primero de Mayo. \u00abLa vivienda digna es un derecho y no un privilegio\u00bb; \u00abpor tierra para trabajar, para vivir y para compartir\u00bb, sostuvieron los dirigentes de las organizaciones sociales.<\/p>\n\n\n\n[Best_Wordpress_Gallery id=\u00bb27&#8243; gal_title=\u00bbMarcha\u00bb]\n","protected":false},"excerpt":{"rendered":"<p>D\u00eda Internacional del H\u00e1bitat y D\u00eda Internacional de los Sin Techo La Federaci\u00f3n de Cooperativas de Vivienda de Usuarios por Ahorro Previo (FECOVI) junto a FUCVAM, la Asociaci\u00f3n de Docentes &#8230;<\/p>\n","protected":false},"author":1,"featured_media":8964,"comment_status":"closed","ping_status":"closed","sticky":false,"template":"","format":"standard","meta":{"footnotes":""},"categories":[2],"tags":[],"class_list":["post-8962","post","type-post","status-publish","format-standard","has-post-thumbnail","hentry","category-noticias"],"_links":{"self":[{"href":"https:\/\/fecovi.coop\/web\/wp-json\/wp\/v2\/posts\/8962","targetHints":{"allow":["GET"]}}],"collection":[{"href":"https:\/\/fecovi.coop\/web\/wp-json\/wp\/v2\/posts"}],"about":[{"href":"https:\/\/fecovi.coop\/web\/wp-json\/wp\/v2\/types\/post"}],"author":[{"embeddable":true,"href":"https:\/\/fecovi.coop\/web\/wp-json\/wp\/v2\/users\/1"}],"replies":[{"embeddable":true,"href":"https:\/\/fecovi.coop\/web\/wp-json\/wp\/v2\/comments?post=8962"}],"version-history":[{"count":5,"href":"https:\/\/fecovi.coop\/web\/wp-json\/wp\/v2\/posts\/8962\/revisions"}],"predecessor-version":[{"id":8996,"href":"https:\/\/fecovi.coop\/web\/wp-json\/wp\/v2\/posts\/8962\/revisions\/8996"}],"wp:featuredmedia":[{"embeddable":true,"href":"https:\/\/fecovi.coop\/web\/wp-json\/wp\/v2\/media\/8964"}],"wp:attachment":[{"href":"https:\/\/fecovi.coop\/web\/wp-json\/wp\/v2\/media?parent=8962"}],"wp:term":[{"taxonomy":"category","embeddable":true,"href":"https:\/\/fecovi.coop\/web\/wp-json\/wp\/v2\/categories?post=8962"},{"taxonomy":"post_tag","embeddable":true,"href":"https:\/\/fecovi.coop\/web\/wp-json\/wp\/v2\/tags?post=8962"}],"curies":[{"name":"wp","href":"https:\/\/api.w.org\/{rel}","templated":true}]}}