{"id":8743,"date":"2022-09-22T14:21:38","date_gmt":"2022-09-22T14:21:38","guid":{"rendered":"https:\/\/fecovi.coop\/web\/?p=8743"},"modified":"2022-09-22T14:27:09","modified_gmt":"2022-09-22T14:27:09","slug":"cooperativa-vicman-anuncia-ciclo-de-inscripciones-en-la-escuela-cooperativa","status":"publish","type":"post","link":"https:\/\/fecovi.coop\/web\/cooperativa-vicman-anuncia-ciclo-de-inscripciones-en-la-escuela-cooperativa\/","title":{"rendered":"Cooperativa Vicman anuncia ciclo de inscripciones en la Escuela Cooperativa"},"content":{"rendered":"<div class=\"wp-block-image\">\n<figure class=\"aligncenter size-full\"><img loading=\"lazy\" decoding=\"async\" width=\"113\" height=\"113\" src=\"https:\/\/fecovi.coop\/web\/wp-content\/uploads\/2022\/09\/image.png\" alt=\"\" class=\"wp-image-8745\"\/><\/figure>\n<\/div>\n\n\n<figure class=\"wp-block-table\"><table><tbody><tr><td class=\"has-text-align-center\" data-align=\"center\"><em>Cooperativa Matriz de Vivienda Malv\u00edn Norte<\/em><br><strong>Informaci\u00f3n a los Socios Cooperativistas<\/strong> <br><em>A\u00f1o LIV de la Fundaci\u00f3n de VICMAN &#8211; Montevideo, 22 de September de 2022<\/em><\/td><\/tr><\/tbody><\/table><\/figure>\n\n\n\n<h4 class=\"has-text-align-center wp-block-heading\"><strong>INSCRIPCIONES ABIERTAS<\/strong><br><strong>EN LA ESCUELA VICMAN<\/strong><\/h4>\n\n\n\n<p>A partir del 1\u00ba de setiembre comenz\u00f3 el <strong>ciclo de inscripciones en la Escuela Cooperativa VICMAN <\/strong>desde el nivel de 1 a\u00f1o a sexto de Primaria.<\/p>\n\n\n\n<p>Desde el a\u00f1o 2021 la Escuela presenta, adem\u00e1s de sus pilares orientados al Cooperativismo, al Humanismo y a la Educaci\u00f3n Ambiental, una propuesta de<strong> Educaci\u00f3n Biling\u00fce de 1\u00b0 a 6\u00b0 a\u00f1o<\/strong>. Se trata de una propuesta de calidad adaptada a nuestros tiempos y que comprende un horario extendido de 10 a 17 hr.<\/p>\n\n\n\n<p>Tambi\u00e9n tenemos una muy linda propuesta para <strong>los m\u00e1s chiquitos desde 1 a\u00f1o a 5 a\u00f1os<\/strong>, de 13 a 17 hr con Inform\u00e1tica, Ingl\u00e9s, educaci\u00f3n f\u00edsica, educaci\u00f3n musical y educaci\u00f3n ambiental.<\/p>\n\n\n\n<p>Adem\u00e1s, se ofrece la posibilidad de contar con una <strong>extensi\u00f3n horaria<\/strong> con diferentes talleres en el horario de matutino, <strong>desde las 8 am.<\/strong><\/p>\n\n\n\n<p>Invitamos a todos los integrantes de FECOVI que est\u00e9n interesados en conocer m\u00e1s la propuesta a coordinar una entrevista con la Direcci\u00f3n Escolar en el horario de 13 a 17 horas, ya sea concurriendo personalmente a la Escuela (Camino Carrasco 4570), por el tel\u00e9fono 2525 4845 o por los correos <a rel=\"noreferrer noopener\" href=\"mailto:administracion@cooperativavicman.com\" target=\"_blank\">administracion@cooperativavicman.com<\/a> , <a rel=\"noreferrer noopener\" href=\"mailto:facturacion@cooperativavicman.com\" target=\"_blank\">facturacion@cooperativavicman.com<\/a> o <a rel=\"noreferrer noopener\" href=\"mailto:evicman121@gmail.com\" target=\"_blank\">evicman121@gmail.com<\/a><\/p>\n\n\n\n<p><strong>Para inscribir se debe disponer de la siguiente documentaci\u00f3n:<\/strong><\/p>\n\n\n\n<ul class=\"wp-block-list\"><li>Documento de identidad del padre, madre o tutor autorizado.<\/li><li>Libreta de matrimonio o partida de nacimiento del ni\u00f1o\/a (<strong>Original &#8211; fotocopia<\/strong>)<\/li><li>Documento de identidad del ni\u00f1o\/a (<strong>Original &#8211; fotocopia<\/strong>)<\/li><li>Vacunas (<strong>Original &#8211; fotocopia<\/strong>)<\/li><li>Carn\u00e9 de salud del ni\u00f1o\/a (<strong>Original &#8211; fotocopia<\/strong>)<\/li><li>Pase escolar a partir de los 4 a\u00f1os.<\/li><li>Si proviene de un Colegio Privado, nota del mismo de haber cumplido con la anualidad (libre de deuda)<\/li><\/ul>\n\n\n\n<p>Inscribiendo al alumno\/a y abonando al contado la matr\u00edcula hasta el mes de octubre, obtiene un descuento del 10 %, pudiendo en caso contrario, financiar la misma en 3 cuotas entre los meses de octubre a diciembre.<\/p>\n\n\n\n<p><strong>Recordamos que los Socios y Socias de Cooperativas de Vivienda disponen de descuentos en nuestra Escuela!<\/strong><\/p>\n","protected":false},"excerpt":{"rendered":"<p>Cooperativa Matriz de Vivienda Malv\u00edn NorteInformaci\u00f3n a los Socios Cooperativistas A\u00f1o LIV de la Fundaci\u00f3n de VICMAN &#8211; Montevideo, 22 de September de 2022 INSCRIPCIONES ABIERTASEN LA ESCUELA VICMAN A &#8230;<\/p>\n","protected":false},"author":1,"featured_media":8750,"comment_status":"closed","ping_status":"closed","sticky":false,"template":"","format":"standard","meta":{"footnotes":""},"categories":[2],"tags":[],"class_list":["post-8743","post","type-post","status-publish","format-standard","has-post-thumbnail","hentry","category-noticias"],"_links":{"self":[{"href":"https:\/\/fecovi.coop\/web\/wp-json\/wp\/v2\/posts\/8743","targetHints":{"allow":["GET"]}}],"collection":[{"href":"https:\/\/fecovi.coop\/web\/wp-json\/wp\/v2\/posts"}],"about":[{"href":"https:\/\/fecovi.coop\/web\/wp-json\/wp\/v2\/types\/post"}],"author":[{"embeddable":true,"href":"https:\/\/fecovi.coop\/web\/wp-json\/wp\/v2\/users\/1"}],"replies":[{"embeddable":true,"href":"https:\/\/fecovi.coop\/web\/wp-json\/wp\/v2\/comments?post=8743"}],"version-history":[{"count":3,"href":"https:\/\/fecovi.coop\/web\/wp-json\/wp\/v2\/posts\/8743\/revisions"}],"predecessor-version":[{"id":8748,"href":"https:\/\/fecovi.coop\/web\/wp-json\/wp\/v2\/posts\/8743\/revisions\/8748"}],"wp:featuredmedia":[{"embeddable":true,"href":"https:\/\/fecovi.coop\/web\/wp-json\/wp\/v2\/media\/8750"}],"wp:attachment":[{"href":"https:\/\/fecovi.coop\/web\/wp-json\/wp\/v2\/media?parent=8743"}],"wp:term":[{"taxonomy":"category","embeddable":true,"href":"https:\/\/fecovi.coop\/web\/wp-json\/wp\/v2\/categories?post=8743"},{"taxonomy":"post_tag","embeddable":true,"href":"https:\/\/fecovi.coop\/web\/wp-json\/wp\/v2\/tags?post=8743"}],"curies":[{"name":"wp","href":"https:\/\/api.w.org\/{rel}","templated":true}]}}