{"id":8705,"date":"2022-09-13T23:11:51","date_gmt":"2022-09-13T23:11:51","guid":{"rendered":"https:\/\/fecovi.coop\/web\/?p=8705"},"modified":"2022-09-15T15:46:29","modified_gmt":"2022-09-15T15:46:29","slug":"comunicado-de-fecovi-a-la-opinion-publica","status":"publish","type":"post","link":"https:\/\/fecovi.coop\/web\/comunicado-de-fecovi-a-la-opinion-publica\/","title":{"rendered":"Comunicado de FECOVI a la opini\u00f3n p\u00fablica"},"content":{"rendered":"\n<div style=\"height:32px\" aria-hidden=\"true\" class=\"wp-block-spacer\"><\/div>\n\n\n\n<p class=\"has-text-align-right\">Montevideo, 13 de setiembre de 2022<\/p>\n\n\n\n<h3 class=\"has-text-align-center wp-block-heading\">Comunicado de FECOVI a la opini\u00f3n p\u00fablica<\/h3>\n\n\n\n<p>La Federaci\u00f3n de Cooperativas de Vivienda de Usuarios por Ahorro Previo (FECOVI) comunica a la opini\u00f3n p\u00fablica su adhesi\u00f3n al paro general convocado por la Intersocial y la Central \u00danica de Trabajadores PIT-CNT para este jueves 15 de setiembre, destacando y remarcando muy especialmente la actual emergencia en materia de vivienda, los recortes presupuestales para la vivienda social y el cobro de intereses desmedidos al movimiento cooperativo de vivienda, todo lo que se inscribe en un programa pol\u00edtico que prioriza al capital y posterga las necesidades b\u00e1sicas de la gran mayor\u00eda del pueblo.<\/p>\n\n\n\n<p>En este marco, FECOVI exhorta a todas sus cooperativas a participar de las movilizaciones programadas para hacer sentir nuestra voz.<\/p>\n\n\n\n<p class=\"has-text-align-left\"><strong>Presidente<\/strong><br>Dr. Alberto Raffo<\/p>\n\n\n\n<p><strong>Secretario general<\/strong><br>Sr. Luis Llorca<\/p>\n\n\n\n<hr class=\"wp-block-separator has-alpha-channel-opacity\"\/>\n\n\n\n<div class=\"wp-block-file aligncenter\"><a id=\"wp-block-file--media-65e71e6f-ec5b-4033-a601-6bc0d435c25e\" href=\"https:\/\/fecovi.coop\/web\/wp-content\/uploads\/2022\/09\/Comunicado-a-la-opinion-publica.pdf\" target=\"_blank\" rel=\"noreferrer noopener\">Comunicado a la opini\u00f3n p\u00fablica<\/a><\/div>\n\n\n\n<hr class=\"wp-block-separator has-alpha-channel-opacity\"\/>\n","protected":false},"excerpt":{"rendered":"<p>Montevideo, 13 de setiembre de 2022 Comunicado de FECOVI a la opini\u00f3n p\u00fablica La Federaci\u00f3n de Cooperativas de Vivienda de Usuarios por Ahorro Previo (FECOVI) comunica a la opini\u00f3n p\u00fablica &#8230;<\/p>\n","protected":false},"author":1,"featured_media":8709,"comment_status":"closed","ping_status":"closed","sticky":false,"template":"","format":"standard","meta":{"footnotes":""},"categories":[2],"tags":[],"class_list":["post-8705","post","type-post","status-publish","format-standard","has-post-thumbnail","hentry","category-noticias"],"_links":{"self":[{"href":"https:\/\/fecovi.coop\/web\/wp-json\/wp\/v2\/posts\/8705","targetHints":{"allow":["GET"]}}],"collection":[{"href":"https:\/\/fecovi.coop\/web\/wp-json\/wp\/v2\/posts"}],"about":[{"href":"https:\/\/fecovi.coop\/web\/wp-json\/wp\/v2\/types\/post"}],"author":[{"embeddable":true,"href":"https:\/\/fecovi.coop\/web\/wp-json\/wp\/v2\/users\/1"}],"replies":[{"embeddable":true,"href":"https:\/\/fecovi.coop\/web\/wp-json\/wp\/v2\/comments?post=8705"}],"version-history":[{"count":5,"href":"https:\/\/fecovi.coop\/web\/wp-json\/wp\/v2\/posts\/8705\/revisions"}],"predecessor-version":[{"id":8716,"href":"https:\/\/fecovi.coop\/web\/wp-json\/wp\/v2\/posts\/8705\/revisions\/8716"}],"wp:featuredmedia":[{"embeddable":true,"href":"https:\/\/fecovi.coop\/web\/wp-json\/wp\/v2\/media\/8709"}],"wp:attachment":[{"href":"https:\/\/fecovi.coop\/web\/wp-json\/wp\/v2\/media?parent=8705"}],"wp:term":[{"taxonomy":"category","embeddable":true,"href":"https:\/\/fecovi.coop\/web\/wp-json\/wp\/v2\/categories?post=8705"},{"taxonomy":"post_tag","embeddable":true,"href":"https:\/\/fecovi.coop\/web\/wp-json\/wp\/v2\/tags?post=8705"}],"curies":[{"name":"wp","href":"https:\/\/api.w.org\/{rel}","templated":true}]}}