{"id":8688,"date":"2022-09-13T16:17:44","date_gmt":"2022-09-13T16:17:44","guid":{"rendered":"https:\/\/fecovi.coop\/web\/?p=8688"},"modified":"2022-09-13T16:25:21","modified_gmt":"2022-09-13T16:25:21","slug":"defender-la-alegria","status":"publish","type":"post","link":"https:\/\/fecovi.coop\/web\/defender-la-alegria\/","title":{"rendered":"Defender la alegr\u00eda"},"content":{"rendered":"\n<p><strong>El pasado jueves 8 de junio, Paysand\u00fa vivi\u00f3 un significativo y muy c\u00e1lido evento para el mundo cooperativo y su entorno. Esa noche, 34 familias de Coviappay, cooperativa de ahorro previo, afiliada a FECOVI, adjudic\u00f3, -sistema inform\u00e1tico mediante-, sus viviendas emplazadas en un edificio de 4 pisos sobre Luis Batlle Berres.<\/strong><\/p>\n\n\n\n<h4 class=\"wp-block-heading\"><strong>Sorteo de unidades en COVIAPPAY<\/strong><\/h4>\n\n\n\n<h2 class=\"wp-block-heading\"><strong>Defender la alegr\u00eda<\/strong><\/h2>\n\n\n\n<p>El pasado jueves 8 de junio, Paysand\u00fa vivi\u00f3 un significativo y muy c\u00e1lido evento para el mundo cooperativo y su entorno. Esa noche, 34 familias de Coviappay, cooperativa de ahorro previo, afiliada a FECOVI, adjudic\u00f3, -sistema inform\u00e1tico mediante-, sus viviendas emplazadas en un edificio de 4 pisos sobre Luis Batlle Berres.<\/p>\n\n\n\n<p>El colectivo es parte del proyecto transformador en el predio de la ex textil Paylana. Son 28 apartamentos de 2 dormitorios y 6 de 3 que ser\u00e1n ocupados por familias trabajadoras. La alegr\u00eda de estas familias fue compartida, en la sala H\u00e9ctor Ferrari del Centro Universitario, por los ex intendente y director de Vivienda, Guillermo Caraballo y Marcelo Romero, respectivamente. Ambos juntos a la propia cooperativa, el secretario de la Federaci\u00f3n, Luis Llorca, integrante del local Instituto Asesor Cooperativa de Trabajo (CTP), director de Comunicaci\u00f3n de ANV, Tte Cnel (R) Nelson Gianoni, diputado Juan Carlos Moreno (coalici\u00f3n de gobierno) y Martin Pitteta (FA).<\/p>\n\n\n\n<p>El secretario de FECOVI, expres\u00f3, en la propia instancia y antes consulta de medios locales, que la inauguraci\u00f3n \u201cera un gran avance para nosotros que estamos dando una lucha a brazos partidos por el sistema cooperativo\u201d. La alegr\u00eda viene atada al \u201cenorme esfuerzo de la misma. Nosotros aprovechamos para poner en evidencia cuales son los problemas que d\u00eda a d\u00eda vive el sistema cooperativo. Estamos luchando para m\u00e1s fondos. En el presupuesto para 2023 y 2024 se reduce a la mitad\u201d. El dirigente gremial abund\u00f3 sobre los recortes en la actual coyuntura. \u201cNos parece un disparate que la vivienda social tenga un inter\u00e9s de 5%. Seguimos reclamando la exoneraci\u00f3n de IVA a los materiales\u201d. Adelant\u00f3 que habr\u00e1 un gran acto, junto a FUCVAM, el pr\u00f3ximo 3 de octubre\u201d, que coincide con el D\u00eda de los sin techo. Por su parte, el ex intendente Caraballo, record\u00f3 el rol que le cupo al recordado dirigente de la gremial Ricardo Pisciottano que empuj\u00f3 un d\u00eda s\u00ed y otro tambi\u00e9n la concreci\u00f3n de un proyecto que disfrutar\u00e1n 300 familias cooperativas.<\/p>\n\n\n\n<p>En el sorteo se sintetizaron horas de autogesti\u00f3n, infinidad de asambleas, reuniones, di\u00e1logos y negociaci\u00f3n con proveedores, compromisos, reafirmando que los trabajadores pueden gestionar mucho m\u00e1s que un cr\u00e9dito hipotecario en cualquier tiempo y con variantes restrictivas en las pol\u00edticas p\u00fablicas. En tal caso es fundamental el asesoramiento t\u00e9cnico con fort\u00edsimo compromiso y el apoyo sistem\u00e1tico y cercan\u00eda de la respectiva Federaci\u00f3n. Ingresar a una cooperativa de usuario por ahorro previo; vale. Por todo esto hay que defender la alegr\u00eda como pregonaba Mario Benedetti.<\/p>\n\n\n\n<figure class=\"wp-block-gallery has-nested-images columns-default is-cropped wp-block-gallery-1 is-layout-flex wp-block-gallery-is-layout-flex\">\n<figure class=\"wp-block-image size-full is-style-default\"><a href=\"https:\/\/fecovi.coop\/web\/wp-content\/uploads\/2022\/09\/foto-2.jpg\" target=\"_blank\" rel=\"noreferrer noopener\"><img loading=\"lazy\" decoding=\"async\" width=\"900\" height=\"506\" data-id=\"8693\" src=\"https:\/\/fecovi.coop\/web\/wp-content\/uploads\/2022\/09\/foto-2.jpg\" alt=\"\" class=\"wp-image-8693\" srcset=\"https:\/\/fecovi.coop\/web\/wp-content\/uploads\/2022\/09\/foto-2.jpg 900w, https:\/\/fecovi.coop\/web\/wp-content\/uploads\/2022\/09\/foto-2-300x169.jpg 300w, https:\/\/fecovi.coop\/web\/wp-content\/uploads\/2022\/09\/foto-2-768x432.jpg 768w\" sizes=\"auto, (max-width: 900px) 100vw, 900px\" \/><\/a><\/figure>\n\n\n\n<figure class=\"wp-block-image size-large\"><a href=\"https:\/\/fecovi.coop\/web\/wp-content\/uploads\/2022\/09\/foto-1.jpg\" target=\"_blank\" rel=\"noreferrer noopener\"><img loading=\"lazy\" decoding=\"async\" width=\"900\" height=\"506\" data-id=\"8692\" src=\"https:\/\/fecovi.coop\/web\/wp-content\/uploads\/2022\/09\/foto-1.jpg\" alt=\"Las im\u00e1genes son gentileza de COVIAPPAY\" class=\"wp-image-8692\" srcset=\"https:\/\/fecovi.coop\/web\/wp-content\/uploads\/2022\/09\/foto-1.jpg 900w, https:\/\/fecovi.coop\/web\/wp-content\/uploads\/2022\/09\/foto-1-300x169.jpg 300w, https:\/\/fecovi.coop\/web\/wp-content\/uploads\/2022\/09\/foto-1-768x432.jpg 768w\" sizes=\"auto, (max-width: 900px) 100vw, 900px\" \/><\/a><\/figure>\n<\/figure>\n\n\n\n<p class=\"has-text-align-center\"><strong>Las im\u00e1genes son gentileza de COVIAPPAY<\/strong><\/p>\n","protected":false},"excerpt":{"rendered":"<p>El pasado jueves 8 de junio, Paysand\u00fa vivi\u00f3 un significativo y muy c\u00e1lido evento para el mundo cooperativo y su entorno. Esa noche, 34 familias de Coviappay, cooperativa de ahorro &#8230;<\/p>\n","protected":false},"author":1,"featured_media":8692,"comment_status":"closed","ping_status":"closed","sticky":false,"template":"","format":"standard","meta":{"footnotes":""},"categories":[2],"tags":[],"class_list":["post-8688","post","type-post","status-publish","format-standard","has-post-thumbnail","hentry","category-noticias"],"_links":{"self":[{"href":"https:\/\/fecovi.coop\/web\/wp-json\/wp\/v2\/posts\/8688","targetHints":{"allow":["GET"]}}],"collection":[{"href":"https:\/\/fecovi.coop\/web\/wp-json\/wp\/v2\/posts"}],"about":[{"href":"https:\/\/fecovi.coop\/web\/wp-json\/wp\/v2\/types\/post"}],"author":[{"embeddable":true,"href":"https:\/\/fecovi.coop\/web\/wp-json\/wp\/v2\/users\/1"}],"replies":[{"embeddable":true,"href":"https:\/\/fecovi.coop\/web\/wp-json\/wp\/v2\/comments?post=8688"}],"version-history":[{"count":8,"href":"https:\/\/fecovi.coop\/web\/wp-json\/wp\/v2\/posts\/8688\/revisions"}],"predecessor-version":[{"id":8703,"href":"https:\/\/fecovi.coop\/web\/wp-json\/wp\/v2\/posts\/8688\/revisions\/8703"}],"wp:featuredmedia":[{"embeddable":true,"href":"https:\/\/fecovi.coop\/web\/wp-json\/wp\/v2\/media\/8692"}],"wp:attachment":[{"href":"https:\/\/fecovi.coop\/web\/wp-json\/wp\/v2\/media?parent=8688"}],"wp:term":[{"taxonomy":"category","embeddable":true,"href":"https:\/\/fecovi.coop\/web\/wp-json\/wp\/v2\/categories?post=8688"},{"taxonomy":"post_tag","embeddable":true,"href":"https:\/\/fecovi.coop\/web\/wp-json\/wp\/v2\/tags?post=8688"}],"curies":[{"name":"wp","href":"https:\/\/api.w.org\/{rel}","templated":true}]}}