{"id":8626,"date":"2022-08-23T10:40:52","date_gmt":"2022-08-23T10:40:52","guid":{"rendered":"https:\/\/fecovi.coop\/web\/?p=8626"},"modified":"2022-08-23T10:41:05","modified_gmt":"2022-08-23T10:41:05","slug":"5to-encuentro-nacional-de-cooperativas","status":"publish","type":"post","link":"https:\/\/fecovi.coop\/web\/5to-encuentro-nacional-de-cooperativas\/","title":{"rendered":"5to Encuentro Nacional de Cooperativas"},"content":{"rendered":"\n<p><strong>Entre los d\u00edas 18 y 20 de agosto se desarroll\u00f3 el 5to. Encuentro Nacional de Cooperativas, organizado por la Confederaci\u00f3n Uruguaya de Entidades Cooperativas (Cudecoop), en el marco del vig\u00e9simo a\u00f1o de la Recomendaci\u00f3n 193 de la OIT para la promoci\u00f3n de las cooperativas.<\/strong><\/p>\n\n\n<div class=\"wp-block-image\">\n<figure class=\"aligncenter size-large\"><img loading=\"lazy\" decoding=\"async\" width=\"768\" height=\"1024\" src=\"https:\/\/fecovi.coop\/web\/wp-content\/uploads\/2022\/08\/1-768x1024.jpg\" alt=\"\" class=\"wp-image-8627\" srcset=\"https:\/\/fecovi.coop\/web\/wp-content\/uploads\/2022\/08\/1-768x1024.jpg 768w, https:\/\/fecovi.coop\/web\/wp-content\/uploads\/2022\/08\/1-225x300.jpg 225w, https:\/\/fecovi.coop\/web\/wp-content\/uploads\/2022\/08\/1-300x400.jpg 300w, https:\/\/fecovi.coop\/web\/wp-content\/uploads\/2022\/08\/1.jpg 1000w\" sizes=\"auto, (max-width: 768px) 100vw, 768px\" \/><figcaption>gentileza de Inacoop<\/figcaption><\/figure>\n<\/div>\n\n\n<p>El evento fue de masiva participaci\u00f3n y reuni\u00f3 en el Sal\u00f3n Azul de la Intendencia de Montevideo a autoridades nacionales e internacionales y cooperativistas de todo el pa\u00eds bajo tres ejes tem\u00e1ticos de trabajo: Identidad Cooperativa y Negociaci\u00f3n Colectiva, Pol\u00edticas p\u00fablicas para la promoci\u00f3n de las cooperativas e intercooperaci\u00f3n: negocios e intercambio cooperativo.<\/p>\n","protected":false},"excerpt":{"rendered":"<p>Entre los d\u00edas 18 y 20 de agosto se desarroll\u00f3 el 5to. Encuentro Nacional de Cooperativas, organizado por la Confederaci\u00f3n Uruguaya de Entidades Cooperativas (Cudecoop), en el marco del vig\u00e9simo &#8230;<\/p>\n","protected":false},"author":1,"featured_media":8627,"comment_status":"closed","ping_status":"closed","sticky":false,"template":"","format":"standard","meta":{"footnotes":""},"categories":[2],"tags":[],"class_list":["post-8626","post","type-post","status-publish","format-standard","has-post-thumbnail","hentry","category-noticias"],"_links":{"self":[{"href":"https:\/\/fecovi.coop\/web\/wp-json\/wp\/v2\/posts\/8626","targetHints":{"allow":["GET"]}}],"collection":[{"href":"https:\/\/fecovi.coop\/web\/wp-json\/wp\/v2\/posts"}],"about":[{"href":"https:\/\/fecovi.coop\/web\/wp-json\/wp\/v2\/types\/post"}],"author":[{"embeddable":true,"href":"https:\/\/fecovi.coop\/web\/wp-json\/wp\/v2\/users\/1"}],"replies":[{"embeddable":true,"href":"https:\/\/fecovi.coop\/web\/wp-json\/wp\/v2\/comments?post=8626"}],"version-history":[{"count":1,"href":"https:\/\/fecovi.coop\/web\/wp-json\/wp\/v2\/posts\/8626\/revisions"}],"predecessor-version":[{"id":8628,"href":"https:\/\/fecovi.coop\/web\/wp-json\/wp\/v2\/posts\/8626\/revisions\/8628"}],"wp:featuredmedia":[{"embeddable":true,"href":"https:\/\/fecovi.coop\/web\/wp-json\/wp\/v2\/media\/8627"}],"wp:attachment":[{"href":"https:\/\/fecovi.coop\/web\/wp-json\/wp\/v2\/media?parent=8626"}],"wp:term":[{"taxonomy":"category","embeddable":true,"href":"https:\/\/fecovi.coop\/web\/wp-json\/wp\/v2\/categories?post=8626"},{"taxonomy":"post_tag","embeddable":true,"href":"https:\/\/fecovi.coop\/web\/wp-json\/wp\/v2\/tags?post=8626"}],"curies":[{"name":"wp","href":"https:\/\/api.w.org\/{rel}","templated":true}]}}