{"id":8613,"date":"2022-08-22T22:16:28","date_gmt":"2022-08-22T22:16:28","guid":{"rendered":"https:\/\/fecovi.coop\/web\/?p=8613"},"modified":"2022-08-22T22:26:31","modified_gmt":"2022-08-22T22:26:31","slug":"cooperativistas-de-fecovi-dijeron-presente-en-la-movilizacion-del-19-de-agosto","status":"publish","type":"post","link":"https:\/\/fecovi.coop\/web\/cooperativistas-de-fecovi-dijeron-presente-en-la-movilizacion-del-19-de-agosto\/","title":{"rendered":"Cooperativistas de FECOVI dijeron presente en la movilizaci\u00f3n del 19 de agosto"},"content":{"rendered":"\n<p>La jornada convocada por FECOVI y Fucvam fue de notable participaci\u00f3n y reuni\u00f3 a miles de cooperativistas que marcharon desde el Centro de Montevideo hasta la Plaza Primero de Mayo, frente al Palacio Legislativo, para oponerse al art\u00edculo 304 de la Rendici\u00f3n de Cuentas, exigir el 2% del IVA, mayor presupuesto para la construcci\u00f3n de viviendas cooperativas y la eliminaci\u00f3n de los colgamentos.<\/p>\n\n\n\n[Best_Wordpress_Gallery id=\u00bb15&#8243; gal_title=\u00bbmovilizaci\u00f3n\u00bb]\n","protected":false},"excerpt":{"rendered":"<p>La jornada convocada por FECOVI y Fucvam fue de notable participaci\u00f3n y reuni\u00f3 a miles de cooperativistas que marcharon desde el Centro de Montevideo hasta la Plaza Primero de Mayo, &#8230;<\/p>\n","protected":false},"author":1,"featured_media":8617,"comment_status":"closed","ping_status":"closed","sticky":false,"template":"","format":"standard","meta":{"footnotes":""},"categories":[2],"tags":[],"class_list":["post-8613","post","type-post","status-publish","format-standard","has-post-thumbnail","hentry","category-noticias"],"_links":{"self":[{"href":"https:\/\/fecovi.coop\/web\/wp-json\/wp\/v2\/posts\/8613","targetHints":{"allow":["GET"]}}],"collection":[{"href":"https:\/\/fecovi.coop\/web\/wp-json\/wp\/v2\/posts"}],"about":[{"href":"https:\/\/fecovi.coop\/web\/wp-json\/wp\/v2\/types\/post"}],"author":[{"embeddable":true,"href":"https:\/\/fecovi.coop\/web\/wp-json\/wp\/v2\/users\/1"}],"replies":[{"embeddable":true,"href":"https:\/\/fecovi.coop\/web\/wp-json\/wp\/v2\/comments?post=8613"}],"version-history":[{"count":5,"href":"https:\/\/fecovi.coop\/web\/wp-json\/wp\/v2\/posts\/8613\/revisions"}],"predecessor-version":[{"id":8624,"href":"https:\/\/fecovi.coop\/web\/wp-json\/wp\/v2\/posts\/8613\/revisions\/8624"}],"wp:featuredmedia":[{"embeddable":true,"href":"https:\/\/fecovi.coop\/web\/wp-json\/wp\/v2\/media\/8617"}],"wp:attachment":[{"href":"https:\/\/fecovi.coop\/web\/wp-json\/wp\/v2\/media?parent=8613"}],"wp:term":[{"taxonomy":"category","embeddable":true,"href":"https:\/\/fecovi.coop\/web\/wp-json\/wp\/v2\/categories?post=8613"},{"taxonomy":"post_tag","embeddable":true,"href":"https:\/\/fecovi.coop\/web\/wp-json\/wp\/v2\/tags?post=8613"}],"curies":[{"name":"wp","href":"https:\/\/api.w.org\/{rel}","templated":true}]}}