{"id":8543,"date":"2022-08-16T13:22:31","date_gmt":"2022-08-16T13:22:31","guid":{"rendered":"https:\/\/fecovi.coop\/web\/?p=8543"},"modified":"2022-08-16T13:41:29","modified_gmt":"2022-08-16T13:41:29","slug":"cefic-celebro-un-nuevo-plenario-de-integracion","status":"publish","type":"post","link":"https:\/\/fecovi.coop\/web\/cefic-celebro-un-nuevo-plenario-de-integracion\/","title":{"rendered":"CEFIC celebr\u00f3 un nuevo plenario de Integraci\u00f3n"},"content":{"rendered":"<div class=\"wp-block-image\">\n<figure class=\"aligncenter size-full\"><img loading=\"lazy\" decoding=\"async\" width=\"719\" height=\"482\" src=\"https:\/\/fecovi.coop\/web\/wp-content\/uploads\/2022\/08\/Foto-2.jpg\" alt=\"\" class=\"wp-image-8544\" srcset=\"https:\/\/fecovi.coop\/web\/wp-content\/uploads\/2022\/08\/Foto-2.jpg 719w, https:\/\/fecovi.coop\/web\/wp-content\/uploads\/2022\/08\/Foto-2-300x201.jpg 300w\" sizes=\"auto, (max-width: 719px) 100vw, 719px\" \/><figcaption><em>Fuente: Prensa y Comunicaci\u00f3n de FECOVI.<\/em><\/figcaption><\/figure>\n<\/div>\n\n\n<h4 class=\"wp-block-heading\">Con una nutrida participaci\u00f3n de cooperativistas se llev\u00f3 a cabo un nuevo plenario de la Comisi\u00f3n de Educaci\u00f3n, Fomento e Integraci\u00f3n Cooperativa (CEFIC) de la Federaci\u00f3n de Cooperativas de Vivienda de Usuarios por Ahorro Previo (FECOVI).<\/h4>\n\n\n\n<p class=\"has-black-color has-text-color\">El encuentro tuvo lugar en la cooperativa Libres, ubicada en el barrio Goes, pr\u00f3xima a la plaza Pepe D\u2019El\u00eda, espacio que rinde homenaje al fundador de la Confederaci\u00f3n Nacional de Trabajadores (CNT).<\/p>\n\n\n\n<p class=\"has-black-color has-text-color\">El objetivo de la reuni\u00f3n convocada por el \u00e1rea de Integraci\u00f3n y Recreaci\u00f3n de CEFIC fue poner en com\u00fan el proceso de formaci\u00f3n de la cooperativa Libres. La jornada comenz\u00f3 con la presentaci\u00f3n de cada participante, una merienda compartida y el desarrollo de din\u00e1micas y juegos de integraci\u00f3n.<\/p>\n\n\n\n<figure class=\"wp-block-gallery has-nested-images columns-2 is-cropped wp-block-gallery-1 is-layout-flex wp-block-gallery-is-layout-flex\">\n<figure class=\"wp-block-image size-full\"><a href=\"https:\/\/fecovi.coop\/web\/wp-content\/uploads\/2022\/08\/Foto-4.jpg\"><img loading=\"lazy\" decoding=\"async\" width=\"642\" height=\"716\" data-id=\"8547\" src=\"https:\/\/fecovi.coop\/web\/wp-content\/uploads\/2022\/08\/Foto-4.jpg\" alt=\"\" class=\"wp-image-8547\" srcset=\"https:\/\/fecovi.coop\/web\/wp-content\/uploads\/2022\/08\/Foto-4.jpg 642w, https:\/\/fecovi.coop\/web\/wp-content\/uploads\/2022\/08\/Foto-4-269x300.jpg 269w\" sizes=\"auto, (max-width: 642px) 100vw, 642px\" \/><\/a><\/figure>\n\n\n\n<figure class=\"wp-block-image size-full\"><a href=\"https:\/\/fecovi.coop\/web\/wp-content\/uploads\/2022\/08\/Foto-1.jpg\"><img loading=\"lazy\" decoding=\"async\" width=\"720\" height=\"531\" data-id=\"8545\" src=\"https:\/\/fecovi.coop\/web\/wp-content\/uploads\/2022\/08\/Foto-1.jpg\" alt=\"\" class=\"wp-image-8545\" srcset=\"https:\/\/fecovi.coop\/web\/wp-content\/uploads\/2022\/08\/Foto-1.jpg 720w, https:\/\/fecovi.coop\/web\/wp-content\/uploads\/2022\/08\/Foto-1-300x221.jpg 300w\" sizes=\"auto, (max-width: 720px) 100vw, 720px\" \/><\/a><\/figure>\n\n\n\n<figure class=\"wp-block-image size-full\"><a href=\"https:\/\/fecovi.coop\/web\/wp-content\/uploads\/2022\/08\/Foto-3.jpg\"><img loading=\"lazy\" decoding=\"async\" width=\"800\" height=\"599\" data-id=\"8546\" src=\"https:\/\/fecovi.coop\/web\/wp-content\/uploads\/2022\/08\/Foto-3.jpg\" alt=\"\" class=\"wp-image-8546\" srcset=\"https:\/\/fecovi.coop\/web\/wp-content\/uploads\/2022\/08\/Foto-3.jpg 800w, https:\/\/fecovi.coop\/web\/wp-content\/uploads\/2022\/08\/Foto-3-300x225.jpg 300w, https:\/\/fecovi.coop\/web\/wp-content\/uploads\/2022\/08\/Foto-3-768x575.jpg 768w\" sizes=\"auto, (max-width: 800px) 100vw, 800px\" \/><\/a><\/figure>\n<\/figure>\n\n\n<p><span style=\"color: #000000;\">Seguidamente, las y los cooperativistas presentes intercambiaran ideas y propuestas para favorecer la integraci\u00f3n de nuevos participantes. A trav\u00e9s de la subcomisi\u00f3n de G\u00e9nero, se proyecta para este a\u00f1o una pr\u00f3xima convocatoria, programada para el mes de septiembre, de cara a los preparativos de una nueva conmemoraci\u00f3n del D\u00eda Internacional de la Eliminaci\u00f3n de la Violencia contra la Mujer, que se celebrar\u00e1 el viernes 25 de noviembre.<\/span><\/p>\n<p><span style=\"color: #000000;\"><!-- \/wp:post-content --><!-- wp:paragraph --><\/span><\/p>\n<p><span style=\"color: #000000;\">CEFIC es una comisi\u00f3n que trabaja a nivel central y entre sus cometidos se encuentra la difusi\u00f3n de los principios y valores cooperativistas entre sus socios y la comunidad en general.<\/span><\/p>","protected":false},"excerpt":{"rendered":"<p>Con una nutrida participaci\u00f3n de cooperativistas se llev\u00f3 a cabo un nuevo plenario de la Comisi\u00f3n de Educaci\u00f3n, Fomento e Integraci\u00f3n Cooperativa (CEFIC) de la Federaci\u00f3n de Cooperativas de Vivienda &#8230;<\/p>\n","protected":false},"author":1,"featured_media":8546,"comment_status":"closed","ping_status":"closed","sticky":false,"template":"","format":"standard","meta":{"footnotes":""},"categories":[2],"tags":[],"class_list":["post-8543","post","type-post","status-publish","format-standard","has-post-thumbnail","hentry","category-noticias"],"_links":{"self":[{"href":"https:\/\/fecovi.coop\/web\/wp-json\/wp\/v2\/posts\/8543","targetHints":{"allow":["GET"]}}],"collection":[{"href":"https:\/\/fecovi.coop\/web\/wp-json\/wp\/v2\/posts"}],"about":[{"href":"https:\/\/fecovi.coop\/web\/wp-json\/wp\/v2\/types\/post"}],"author":[{"embeddable":true,"href":"https:\/\/fecovi.coop\/web\/wp-json\/wp\/v2\/users\/1"}],"replies":[{"embeddable":true,"href":"https:\/\/fecovi.coop\/web\/wp-json\/wp\/v2\/comments?post=8543"}],"version-history":[{"count":14,"href":"https:\/\/fecovi.coop\/web\/wp-json\/wp\/v2\/posts\/8543\/revisions"}],"predecessor-version":[{"id":8565,"href":"https:\/\/fecovi.coop\/web\/wp-json\/wp\/v2\/posts\/8543\/revisions\/8565"}],"wp:featuredmedia":[{"embeddable":true,"href":"https:\/\/fecovi.coop\/web\/wp-json\/wp\/v2\/media\/8546"}],"wp:attachment":[{"href":"https:\/\/fecovi.coop\/web\/wp-json\/wp\/v2\/media?parent=8543"}],"wp:term":[{"taxonomy":"category","embeddable":true,"href":"https:\/\/fecovi.coop\/web\/wp-json\/wp\/v2\/categories?post=8543"},{"taxonomy":"post_tag","embeddable":true,"href":"https:\/\/fecovi.coop\/web\/wp-json\/wp\/v2\/tags?post=8543"}],"curies":[{"name":"wp","href":"https:\/\/api.w.org\/{rel}","templated":true}]}}