{"id":8159,"date":"2022-06-01T13:10:09","date_gmt":"2022-06-01T13:10:09","guid":{"rendered":"https:\/\/fecovi.coop\/web\/?p=8159"},"modified":"2022-06-01T13:10:30","modified_gmt":"2022-06-01T13:10:30","slug":"directivos-de-fecovi-visitan-la-obra-de-cooperativa-horneros-33","status":"publish","type":"post","link":"https:\/\/fecovi.coop\/web\/directivos-de-fecovi-visitan-la-obra-de-cooperativa-horneros-33\/","title":{"rendered":"Directivos de FECOVI visitan la obra de Cooperativa Horneros 33."},"content":{"rendered":"\n<h3 class=\"wp-block-heading\">Cooperativa ubicada en el Barrio Cord\u00f3n, construida por administraci\u00f3n directa, e integrada por 31 n\u00facleos cooperativos.<\/h3>\n\n\n\n<figure class=\"wp-block-gallery has-nested-images columns-default is-cropped wp-block-gallery-1 is-layout-flex wp-block-gallery-is-layout-flex\">\n<figure class=\"wp-block-image size-large\"><img loading=\"lazy\" decoding=\"async\" width=\"700\" height=\"935\" data-id=\"8160\" src=\"https:\/\/fecovi.coop\/web\/wp-content\/uploads\/2022\/06\/APARTAMENTOS.jpg\" alt=\"\" class=\"wp-image-8160\" srcset=\"https:\/\/fecovi.coop\/web\/wp-content\/uploads\/2022\/06\/APARTAMENTOS.jpg 700w, https:\/\/fecovi.coop\/web\/wp-content\/uploads\/2022\/06\/APARTAMENTOS-225x300.jpg 225w, https:\/\/fecovi.coop\/web\/wp-content\/uploads\/2022\/06\/APARTAMENTOS-300x400.jpg 300w\" sizes=\"auto, (max-width: 700px) 100vw, 700px\" \/><\/figure>\n\n\n\n<figure class=\"wp-block-image size-large\"><img loading=\"lazy\" decoding=\"async\" width=\"766\" height=\"1024\" data-id=\"8162\" src=\"https:\/\/fecovi.coop\/web\/wp-content\/uploads\/2022\/06\/LA-OBRA_-766x1024.jpg\" alt=\"\" class=\"wp-image-8162\" srcset=\"https:\/\/fecovi.coop\/web\/wp-content\/uploads\/2022\/06\/LA-OBRA_-766x1024.jpg 766w, https:\/\/fecovi.coop\/web\/wp-content\/uploads\/2022\/06\/LA-OBRA_-224x300.jpg 224w, https:\/\/fecovi.coop\/web\/wp-content\/uploads\/2022\/06\/LA-OBRA_-768x1027.jpg 768w, https:\/\/fecovi.coop\/web\/wp-content\/uploads\/2022\/06\/LA-OBRA_-300x400.jpg 300w, https:\/\/fecovi.coop\/web\/wp-content\/uploads\/2022\/06\/LA-OBRA_.jpg 900w\" sizes=\"auto, (max-width: 766px) 100vw, 766px\" \/><\/figure>\n\n\n\n<figure class=\"wp-block-image size-large\"><img loading=\"lazy\" decoding=\"async\" width=\"766\" height=\"1024\" data-id=\"8163\" src=\"https:\/\/fecovi.coop\/web\/wp-content\/uploads\/2022\/06\/PANORAMICO-766x1024.jpg\" alt=\"\" class=\"wp-image-8163\" srcset=\"https:\/\/fecovi.coop\/web\/wp-content\/uploads\/2022\/06\/PANORAMICO-766x1024.jpg 766w, https:\/\/fecovi.coop\/web\/wp-content\/uploads\/2022\/06\/PANORAMICO-224x300.jpg 224w, https:\/\/fecovi.coop\/web\/wp-content\/uploads\/2022\/06\/PANORAMICO-768x1027.jpg 768w, https:\/\/fecovi.coop\/web\/wp-content\/uploads\/2022\/06\/PANORAMICO-300x400.jpg 300w, https:\/\/fecovi.coop\/web\/wp-content\/uploads\/2022\/06\/PANORAMICO.jpg 900w\" sizes=\"auto, (max-width: 766px) 100vw, 766px\" \/><\/figure>\n\n\n\n<figure class=\"wp-block-image size-large\"><img loading=\"lazy\" decoding=\"async\" width=\"700\" height=\"936\" data-id=\"8161\" src=\"https:\/\/fecovi.coop\/web\/wp-content\/uploads\/2022\/06\/INTEGRANTES-DE-LA-COOPERATIVA-JUNTO-A-DIRECTIVOS_.jpg\" alt=\"\" class=\"wp-image-8161\" srcset=\"https:\/\/fecovi.coop\/web\/wp-content\/uploads\/2022\/06\/INTEGRANTES-DE-LA-COOPERATIVA-JUNTO-A-DIRECTIVOS_.jpg 700w, https:\/\/fecovi.coop\/web\/wp-content\/uploads\/2022\/06\/INTEGRANTES-DE-LA-COOPERATIVA-JUNTO-A-DIRECTIVOS_-224x300.jpg 224w, https:\/\/fecovi.coop\/web\/wp-content\/uploads\/2022\/06\/INTEGRANTES-DE-LA-COOPERATIVA-JUNTO-A-DIRECTIVOS_-300x400.jpg 300w\" sizes=\"auto, (max-width: 700px) 100vw, 700px\" \/><\/figure>\n<\/figure>\n\n\n\n<h5 class=\"wp-block-heading\"><strong>Presentes en la recorrida:<\/strong><\/h5>\n\n\n\n<p><strong>Por el Consejo Directivo: <\/strong>Luis Llorca (Secretario General), Zulma Perdomo (Vicepresidente), Daniel Logaldo (Vocal), Andr\u00e9s Massaroni (Encargado Com. Pol\u00edtica).<\/p>\n\n\n\n<p><strong>Por la cooperativa: <\/strong>Andrea y Laura.<\/p>\n","protected":false},"excerpt":{"rendered":"<p>Cooperativa ubicada en el Barrio Cord\u00f3n, construida por administraci\u00f3n directa, e integrada por 31 n\u00facleos cooperativos. Presentes en la recorrida: Por el Consejo Directivo: Luis Llorca (Secretario General), Zulma Perdomo &#8230;<\/p>\n","protected":false},"author":1,"featured_media":8162,"comment_status":"closed","ping_status":"closed","sticky":false,"template":"","format":"standard","meta":{"footnotes":""},"categories":[2],"tags":[],"class_list":["post-8159","post","type-post","status-publish","format-standard","has-post-thumbnail","hentry","category-noticias"],"_links":{"self":[{"href":"https:\/\/fecovi.coop\/web\/wp-json\/wp\/v2\/posts\/8159","targetHints":{"allow":["GET"]}}],"collection":[{"href":"https:\/\/fecovi.coop\/web\/wp-json\/wp\/v2\/posts"}],"about":[{"href":"https:\/\/fecovi.coop\/web\/wp-json\/wp\/v2\/types\/post"}],"author":[{"embeddable":true,"href":"https:\/\/fecovi.coop\/web\/wp-json\/wp\/v2\/users\/1"}],"replies":[{"embeddable":true,"href":"https:\/\/fecovi.coop\/web\/wp-json\/wp\/v2\/comments?post=8159"}],"version-history":[{"count":1,"href":"https:\/\/fecovi.coop\/web\/wp-json\/wp\/v2\/posts\/8159\/revisions"}],"predecessor-version":[{"id":8164,"href":"https:\/\/fecovi.coop\/web\/wp-json\/wp\/v2\/posts\/8159\/revisions\/8164"}],"wp:featuredmedia":[{"embeddable":true,"href":"https:\/\/fecovi.coop\/web\/wp-json\/wp\/v2\/media\/8162"}],"wp:attachment":[{"href":"https:\/\/fecovi.coop\/web\/wp-json\/wp\/v2\/media?parent=8159"}],"wp:term":[{"taxonomy":"category","embeddable":true,"href":"https:\/\/fecovi.coop\/web\/wp-json\/wp\/v2\/categories?post=8159"},{"taxonomy":"post_tag","embeddable":true,"href":"https:\/\/fecovi.coop\/web\/wp-json\/wp\/v2\/tags?post=8159"}],"curies":[{"name":"wp","href":"https:\/\/api.w.org\/{rel}","templated":true}]}}