{"id":8152,"date":"2022-06-01T12:50:21","date_gmt":"2022-06-01T12:50:21","guid":{"rendered":"https:\/\/fecovi.coop\/web\/?p=8152"},"modified":"2022-06-01T14:06:50","modified_gmt":"2022-06-01T14:06:50","slug":"nos-recibe-comision-de-vivienda","status":"publish","type":"post","link":"https:\/\/fecovi.coop\/web\/nos-recibe-comision-de-vivienda\/","title":{"rendered":"Nos recibe Comisi\u00f3n de Vivienda"},"content":{"rendered":"\n<p>El pasado 4 de Mayo autoridades de nuestra Federaci\u00f3n se reunieron con parlamentarios integrantes de la Comisi\u00f3n de Vivienda del Poder Legislativo.<\/p>\n\n\n\n<p>En este \u00e1mbito se present\u00f3 un documento donde se informa del grave momento que atraviesa y atravezara el sistema cooperativo para lo que resta del quinquenio.<\/p>\n\n\n\n<p>Est\u00e1 previsto un recorte de un 60% del presupuesto para nuestro programa hacia el 2024, lo que sumado al aumento en los valores de tasaci\u00f3n del a\u00f1o 2021, compromete la realizaci\u00f3n de los proyectos cooperativos que hoy se encuentran en la etapa previa al sorteo.<\/p>\n\n\n\n<p>Mientras tanto el proyecto de Vivienda Promovida llega a cifras r\u00e9cord, alcanzando las 5698 viviendas ingresadas en el 2021 por este r\u00e9gimen.<\/p>\n\n\n\n<p>El gobierno aumenta sus renuncias fiscales para fomentar que los promotores privados construyan viviendas a venderse a precio de mercado, por este sistema.<\/p>\n\n\n\n<p>Es decir, la vivienda con intereses sociales pierde espacio doblemente, se recorta el presupuesto para las cooperativas de vivienda y no se generan programas alternativos para cubrir est\u00e1s demandas.<\/p>\n\n\n\n<hr class=\"wp-block-separator has-alpha-channel-opacity\"\/>\n\n\n\n<p class=\"has-text-align-center\"><strong>Para conocer el informe completo presentado por FECOVI descarga el siguiente PDF.<\/strong><\/p>\n\n\n\n<div class=\"wp-block-file aligncenter\"><a id=\"wp-block-file--media-2287c130-03a0-4452-81f3-f20f4c477098\" href=\"https:\/\/fecovi.coop\/web\/wp-content\/uploads\/2022\/06\/APUNTES-PARA-INTERVENCION-EN-COMISION-DE-VIVIENDA-PARLAMENTO-2022-3-1.pdf\" target=\"_blank\" rel=\"noreferrer noopener\">APUNTES PARA INTERVENCION EN COMISION DE VIVIENDA PARLAMENTO &#8211; 2022\/3\/1<\/a><\/div>\n\n\n\n<hr class=\"wp-block-separator has-alpha-channel-opacity\"\/>\n","protected":false},"excerpt":{"rendered":"<p>El pasado 4 de Mayo autoridades de nuestra Federaci\u00f3n se reunieron con parlamentarios integrantes de la Comisi\u00f3n de Vivienda del Poder Legislativo. En este \u00e1mbito se present\u00f3 un documento donde &#8230;<\/p>\n","protected":false},"author":1,"featured_media":8158,"comment_status":"closed","ping_status":"closed","sticky":false,"template":"","format":"standard","meta":{"footnotes":""},"categories":[2],"tags":[],"class_list":["post-8152","post","type-post","status-publish","format-standard","has-post-thumbnail","hentry","category-noticias"],"_links":{"self":[{"href":"https:\/\/fecovi.coop\/web\/wp-json\/wp\/v2\/posts\/8152","targetHints":{"allow":["GET"]}}],"collection":[{"href":"https:\/\/fecovi.coop\/web\/wp-json\/wp\/v2\/posts"}],"about":[{"href":"https:\/\/fecovi.coop\/web\/wp-json\/wp\/v2\/types\/post"}],"author":[{"embeddable":true,"href":"https:\/\/fecovi.coop\/web\/wp-json\/wp\/v2\/users\/1"}],"replies":[{"embeddable":true,"href":"https:\/\/fecovi.coop\/web\/wp-json\/wp\/v2\/comments?post=8152"}],"version-history":[{"count":7,"href":"https:\/\/fecovi.coop\/web\/wp-json\/wp\/v2\/posts\/8152\/revisions"}],"predecessor-version":[{"id":8173,"href":"https:\/\/fecovi.coop\/web\/wp-json\/wp\/v2\/posts\/8152\/revisions\/8173"}],"wp:featuredmedia":[{"embeddable":true,"href":"https:\/\/fecovi.coop\/web\/wp-json\/wp\/v2\/media\/8158"}],"wp:attachment":[{"href":"https:\/\/fecovi.coop\/web\/wp-json\/wp\/v2\/media?parent=8152"}],"wp:term":[{"taxonomy":"category","embeddable":true,"href":"https:\/\/fecovi.coop\/web\/wp-json\/wp\/v2\/categories?post=8152"},{"taxonomy":"post_tag","embeddable":true,"href":"https:\/\/fecovi.coop\/web\/wp-json\/wp\/v2\/tags?post=8152"}],"curies":[{"name":"wp","href":"https:\/\/api.w.org\/{rel}","templated":true}]}}