{"id":8096,"date":"2022-05-20T13:16:28","date_gmt":"2022-05-20T13:16:28","guid":{"rendered":"https:\/\/fecovi.coop\/web\/?p=8096"},"modified":"2022-05-20T13:17:32","modified_gmt":"2022-05-20T13:17:32","slug":"charla-con-aspirantes","status":"publish","type":"post","link":"https:\/\/fecovi.coop\/web\/charla-con-aspirantes\/","title":{"rendered":"CHARLA CON ASPIRANTES"},"content":{"rendered":"\n<p>El pasado 26 de abril se llev\u00f3 adelante una charla para aspirantes en nuestra federaci\u00f3n organizada por el \u00c1rea Social.<\/p>\n\n\n\n<p>Elvira y Soledad dictaron el mismo, informando respecto a nuestro sistema, los valores que rigen a nuestra Federaci\u00f3n y que componentes son necesarios para la consolidaci\u00f3n de un proyecto cooperativo.<\/p>\n\n\n\n<p>Tambi\u00e9n acompa\u00f1\u00f3 nuestra Vicepresidente Zulma Perdomo, representando al Consejo Directivo.<\/p>\n\n\n\n<figure class=\"wp-block-gallery has-nested-images columns-default is-cropped wp-block-gallery-1 is-layout-flex wp-block-gallery-is-layout-flex\">\n<figure class=\"wp-block-image size-large\"><img loading=\"lazy\" decoding=\"async\" width=\"900\" height=\"626\" data-id=\"8098\" src=\"https:\/\/fecovi.coop\/web\/wp-content\/uploads\/2022\/05\/2-1.jpeg\" alt=\"\" class=\"wp-image-8098\" srcset=\"https:\/\/fecovi.coop\/web\/wp-content\/uploads\/2022\/05\/2-1.jpeg 900w, https:\/\/fecovi.coop\/web\/wp-content\/uploads\/2022\/05\/2-1-300x209.jpeg 300w, https:\/\/fecovi.coop\/web\/wp-content\/uploads\/2022\/05\/2-1-768x534.jpeg 768w\" sizes=\"auto, (max-width: 900px) 100vw, 900px\" \/><\/figure>\n\n\n\n<figure class=\"wp-block-image size-large\"><img loading=\"lazy\" decoding=\"async\" width=\"900\" height=\"626\" data-id=\"8100\" src=\"https:\/\/fecovi.coop\/web\/wp-content\/uploads\/2022\/05\/4.jpeg\" alt=\"\" class=\"wp-image-8100\" srcset=\"https:\/\/fecovi.coop\/web\/wp-content\/uploads\/2022\/05\/4.jpeg 900w, https:\/\/fecovi.coop\/web\/wp-content\/uploads\/2022\/05\/4-300x209.jpeg 300w, https:\/\/fecovi.coop\/web\/wp-content\/uploads\/2022\/05\/4-768x534.jpeg 768w\" sizes=\"auto, (max-width: 900px) 100vw, 900px\" \/><\/figure>\n\n\n\n<figure class=\"wp-block-image size-large\"><img loading=\"lazy\" decoding=\"async\" width=\"900\" height=\"626\" data-id=\"8097\" src=\"https:\/\/fecovi.coop\/web\/wp-content\/uploads\/2022\/05\/1-1.jpeg\" alt=\"\" class=\"wp-image-8097\" srcset=\"https:\/\/fecovi.coop\/web\/wp-content\/uploads\/2022\/05\/1-1.jpeg 900w, https:\/\/fecovi.coop\/web\/wp-content\/uploads\/2022\/05\/1-1-300x209.jpeg 300w, https:\/\/fecovi.coop\/web\/wp-content\/uploads\/2022\/05\/1-1-768x534.jpeg 768w\" sizes=\"auto, (max-width: 900px) 100vw, 900px\" \/><\/figure>\n\n\n\n<figure class=\"wp-block-image size-large\"><img loading=\"lazy\" decoding=\"async\" width=\"900\" height=\"626\" data-id=\"8099\" src=\"https:\/\/fecovi.coop\/web\/wp-content\/uploads\/2022\/05\/3-1.jpeg\" alt=\"\" class=\"wp-image-8099\" srcset=\"https:\/\/fecovi.coop\/web\/wp-content\/uploads\/2022\/05\/3-1.jpeg 900w, https:\/\/fecovi.coop\/web\/wp-content\/uploads\/2022\/05\/3-1-300x209.jpeg 300w, https:\/\/fecovi.coop\/web\/wp-content\/uploads\/2022\/05\/3-1-768x534.jpeg 768w\" sizes=\"auto, (max-width: 900px) 100vw, 900px\" \/><\/figure>\n<\/figure>\n","protected":false},"excerpt":{"rendered":"<p>El pasado 26 de abril se llev\u00f3 adelante una charla para aspirantes en nuestra federaci\u00f3n organizada por el \u00c1rea Social. Elvira y Soledad dictaron el mismo, informando respecto a nuestro &#8230;<\/p>\n","protected":false},"author":1,"featured_media":8100,"comment_status":"closed","ping_status":"closed","sticky":false,"template":"","format":"standard","meta":{"footnotes":""},"categories":[2],"tags":[],"class_list":["post-8096","post","type-post","status-publish","format-standard","has-post-thumbnail","hentry","category-noticias"],"_links":{"self":[{"href":"https:\/\/fecovi.coop\/web\/wp-json\/wp\/v2\/posts\/8096","targetHints":{"allow":["GET"]}}],"collection":[{"href":"https:\/\/fecovi.coop\/web\/wp-json\/wp\/v2\/posts"}],"about":[{"href":"https:\/\/fecovi.coop\/web\/wp-json\/wp\/v2\/types\/post"}],"author":[{"embeddable":true,"href":"https:\/\/fecovi.coop\/web\/wp-json\/wp\/v2\/users\/1"}],"replies":[{"embeddable":true,"href":"https:\/\/fecovi.coop\/web\/wp-json\/wp\/v2\/comments?post=8096"}],"version-history":[{"count":2,"href":"https:\/\/fecovi.coop\/web\/wp-json\/wp\/v2\/posts\/8096\/revisions"}],"predecessor-version":[{"id":8102,"href":"https:\/\/fecovi.coop\/web\/wp-json\/wp\/v2\/posts\/8096\/revisions\/8102"}],"wp:featuredmedia":[{"embeddable":true,"href":"https:\/\/fecovi.coop\/web\/wp-json\/wp\/v2\/media\/8100"}],"wp:attachment":[{"href":"https:\/\/fecovi.coop\/web\/wp-json\/wp\/v2\/media?parent=8096"}],"wp:term":[{"taxonomy":"category","embeddable":true,"href":"https:\/\/fecovi.coop\/web\/wp-json\/wp\/v2\/categories?post=8096"},{"taxonomy":"post_tag","embeddable":true,"href":"https:\/\/fecovi.coop\/web\/wp-json\/wp\/v2\/tags?post=8096"}],"curies":[{"name":"wp","href":"https:\/\/api.w.org\/{rel}","templated":true}]}}