{"id":8091,"date":"2022-05-18T13:43:00","date_gmt":"2022-05-18T13:43:00","guid":{"rendered":"https:\/\/fecovi.coop\/web\/?p=8091"},"modified":"2022-05-18T13:43:38","modified_gmt":"2022-05-18T13:43:38","slug":"plenario-de-cooperativas","status":"publish","type":"post","link":"https:\/\/fecovi.coop\/web\/plenario-de-cooperativas\/","title":{"rendered":"PLENARIO DE COOPERATIVAS"},"content":{"rendered":"\n[Best_Wordpress_Gallery id=\u00bb13&#8243; gal_title=\u00bbPlenario\u00bb]\n\n\n\n<p>El pasado 26 de abril se llev\u00f3 adelante un encuentro entre el Consejo Directivo y cooperativas en formaci\u00f3n y tr\u00e1mite, obra y pre obra, para conocer sus necesidades.<br>En este intercambio se inform\u00f3 tambi\u00e9n sobre la realidad actual que vive nuestro sistema cooperativo y la reuni\u00f3n con Cudecoop y la ministra Irene Moreira. Por otra parte se plantearon acciones a llevar adelante por parte de la Federaci\u00f3n, para destrabar las situaciones planteadas por este conjunto de cooperativas.<\/p>\n\n\n\n<p>Es importante destacar que existen varias cooperativas con vacantes, y necesitadas de completar su padr\u00f3n social, a los efectos de poder participar de los pr\u00f3ximos sorteos. Dada est\u00e1 necesidad, y los distintos momentos en que se encuentra este conjunto de cooperativas, se propusieron colectivizar padrones, fomentando la circulaci\u00f3n interna de cooperstivistas, dentro de nuestra organizaci\u00f3n.<\/p>\n\n\n\n<p>DETALLE DE LAS COOPERATIVAS CONVOCADAS:<\/p>\n\n\n\n<p>1- Cooperativas en obra:<br>COVIAPPAY, HORNEROS 33, EL TERRU\u00d1O, MANDALA<\/p>\n\n\n\n<p>2- Cooperativas sorteadas:<br>COVIMA.E.Q, COVIDELMAR, COVIAFUTU<\/p>\n\n\n\n<p>3- Cooperativas en tr\u00e1mite:<br>27 DE MARZO, COVIPEDRO, RAYMI, VERDESUR, AMAR\u00da, VIENTO<br>VIENTOS DEL SUR, SUE\u00d1OS DEL SUR, JACARAND\u00c1, VENTUM DEL PLATA, BUENA VISTA.<\/p>\n\n\n\n<p>4- Cooperativas sin terreno:<br>VIAS DEL CORD\u00d3N, 20 MINUTOS, SOL ORIENTAL, MANUEL QUINTELA, ERSILIA, VILARI\u00d1A.<\/p>\n\n\n\n<p>Por Consejo Directivo se hicieron presentes:<\/p>\n\n\n\n<p>Zulma Perdomo, Alicia Alvarez, Rafael Rey, Luis Llorca, Hugo Monta\u00f1o, Alberto Raffo, Daniel Logaldo, Miguel Carb\u00f3 y Andr\u00e9s Massaroni.<\/p>\n","protected":false},"excerpt":{"rendered":"<p>El pasado 26 de abril se llev\u00f3 adelante un encuentro entre el Consejo Directivo y cooperativas en formaci\u00f3n y tr\u00e1mite, obra y pre obra, para conocer sus necesidades.En este intercambio &#8230;<\/p>\n","protected":false},"author":1,"featured_media":8094,"comment_status":"closed","ping_status":"closed","sticky":false,"template":"","format":"standard","meta":{"footnotes":""},"categories":[2],"tags":[],"class_list":["post-8091","post","type-post","status-publish","format-standard","has-post-thumbnail","hentry","category-noticias"],"_links":{"self":[{"href":"https:\/\/fecovi.coop\/web\/wp-json\/wp\/v2\/posts\/8091","targetHints":{"allow":["GET"]}}],"collection":[{"href":"https:\/\/fecovi.coop\/web\/wp-json\/wp\/v2\/posts"}],"about":[{"href":"https:\/\/fecovi.coop\/web\/wp-json\/wp\/v2\/types\/post"}],"author":[{"embeddable":true,"href":"https:\/\/fecovi.coop\/web\/wp-json\/wp\/v2\/users\/1"}],"replies":[{"embeddable":true,"href":"https:\/\/fecovi.coop\/web\/wp-json\/wp\/v2\/comments?post=8091"}],"version-history":[{"count":1,"href":"https:\/\/fecovi.coop\/web\/wp-json\/wp\/v2\/posts\/8091\/revisions"}],"predecessor-version":[{"id":8093,"href":"https:\/\/fecovi.coop\/web\/wp-json\/wp\/v2\/posts\/8091\/revisions\/8093"}],"wp:featuredmedia":[{"embeddable":true,"href":"https:\/\/fecovi.coop\/web\/wp-json\/wp\/v2\/media\/8094"}],"wp:attachment":[{"href":"https:\/\/fecovi.coop\/web\/wp-json\/wp\/v2\/media?parent=8091"}],"wp:term":[{"taxonomy":"category","embeddable":true,"href":"https:\/\/fecovi.coop\/web\/wp-json\/wp\/v2\/categories?post=8091"},{"taxonomy":"post_tag","embeddable":true,"href":"https:\/\/fecovi.coop\/web\/wp-json\/wp\/v2\/tags?post=8091"}],"curies":[{"name":"wp","href":"https:\/\/api.w.org\/{rel}","templated":true}]}}