{"id":8074,"date":"2022-05-17T18:28:46","date_gmt":"2022-05-17T18:28:46","guid":{"rendered":"https:\/\/fecovi.coop\/web\/?p=8074"},"modified":"2022-05-17T20:26:29","modified_gmt":"2022-05-17T20:26:29","slug":"homenaje-a-pisciottano","status":"publish","type":"post","link":"https:\/\/fecovi.coop\/web\/homenaje-a-pisciottano\/","title":{"rendered":"Homenaje a Ricardo Pisciottano"},"content":{"rendered":"\n<p>El pasado 24 de abril en FECOVI se descubri\u00f3 una placa en homenaje al ex directivo Ricardo Pisciottano.<br>Su pasaje por la federaci\u00f3n dejo huella, ocupando varios lugares de relevancia. Su familia y amigos estuvieron presentes, adem\u00e1s de autoridades de la Federaci\u00f3n y del Ministerio de Vivienda.<\/p>\n\n\n\n<hr class=\"wp-block-separator\"\/>\n\n\n\n<h2 class=\"has-text-align-center wp-block-heading\">Registro Fotogr\u00e1fico<\/h2>\n\n\n\n[Best_Wordpress_Gallery id=\u00bb11&#8243; gal_title=\u00bbHomenaje\u00bb]\n\n\n\n<hr class=\"wp-block-separator\"\/>\n\n\n\n<h2 class=\"has-text-align-center wp-block-heading\">Palabras de Raffo en el homenaje a Ricardo Pisciottano<\/h2>\n\n\n\n<figure class=\"wp-block-embed is-type-video is-provider-youtube wp-block-embed-youtube wp-embed-aspect-16-9 wp-has-aspect-ratio\"><div class=\"wp-block-embed__wrapper\">\n<iframe loading=\"lazy\" title=\"Palabras de Raffo en el homenaje a Ricardo Pisciottano\" width=\"850\" height=\"478\" src=\"https:\/\/www.youtube.com\/embed\/13l7-Di2yNk?feature=oembed\" frameborder=\"0\" allow=\"accelerometer; autoplay; clipboard-write; encrypted-media; gyroscope; picture-in-picture\" allowfullscreen><\/iframe>\n<\/div><\/figure>\n","protected":false},"excerpt":{"rendered":"<p>El pasado 24 de abril en FECOVI se descubri\u00f3 una placa en homenaje al ex directivo Ricardo Pisciottano.Su pasaje por la federaci\u00f3n dejo huella, ocupando varios lugares de relevancia. Su &#8230;<\/p>\n","protected":false},"author":1,"featured_media":8076,"comment_status":"closed","ping_status":"closed","sticky":false,"template":"","format":"standard","meta":{"footnotes":""},"categories":[2],"tags":[],"class_list":["post-8074","post","type-post","status-publish","format-standard","has-post-thumbnail","hentry","category-noticias"],"_links":{"self":[{"href":"https:\/\/fecovi.coop\/web\/wp-json\/wp\/v2\/posts\/8074","targetHints":{"allow":["GET"]}}],"collection":[{"href":"https:\/\/fecovi.coop\/web\/wp-json\/wp\/v2\/posts"}],"about":[{"href":"https:\/\/fecovi.coop\/web\/wp-json\/wp\/v2\/types\/post"}],"author":[{"embeddable":true,"href":"https:\/\/fecovi.coop\/web\/wp-json\/wp\/v2\/users\/1"}],"replies":[{"embeddable":true,"href":"https:\/\/fecovi.coop\/web\/wp-json\/wp\/v2\/comments?post=8074"}],"version-history":[{"count":6,"href":"https:\/\/fecovi.coop\/web\/wp-json\/wp\/v2\/posts\/8074\/revisions"}],"predecessor-version":[{"id":8090,"href":"https:\/\/fecovi.coop\/web\/wp-json\/wp\/v2\/posts\/8074\/revisions\/8090"}],"wp:featuredmedia":[{"embeddable":true,"href":"https:\/\/fecovi.coop\/web\/wp-json\/wp\/v2\/media\/8076"}],"wp:attachment":[{"href":"https:\/\/fecovi.coop\/web\/wp-json\/wp\/v2\/media?parent=8074"}],"wp:term":[{"taxonomy":"category","embeddable":true,"href":"https:\/\/fecovi.coop\/web\/wp-json\/wp\/v2\/categories?post=8074"},{"taxonomy":"post_tag","embeddable":true,"href":"https:\/\/fecovi.coop\/web\/wp-json\/wp\/v2\/tags?post=8074"}],"curies":[{"name":"wp","href":"https:\/\/api.w.org\/{rel}","templated":true}]}}