{"id":8059,"date":"2022-05-07T14:46:00","date_gmt":"2022-05-07T14:46:00","guid":{"rendered":"https:\/\/fecovi.coop\/web\/?p=8059"},"modified":"2022-05-07T14:46:02","modified_gmt":"2022-05-07T14:46:02","slug":"rincon-infantil-en-fecovi","status":"publish","type":"post","link":"https:\/\/fecovi.coop\/web\/rincon-infantil-en-fecovi\/","title":{"rendered":"Rinc\u00f3n infantil en FECOVI"},"content":{"rendered":"\n<p>En la Federaci\u00f3n hemos inaugurado un espacio infantil para los ni\u00f1os y ni\u00f1as que concurren a las reuniones con sus familiares.<br>El objetivo del espacio es la recreaci\u00f3n y el aprendizaje a compartir, jugar y leer.<\/p>\n\n\n\n<p>Contamos con juegos de cajas, libros, masas para modelar y muchas cosas m\u00e1s para divertimos juntos!<br>Te invitamos a concurrir a las reuniones, con la tranquilidad y la seguridad de que el ni\u00f1o o ni\u00f1a va a tener una tarde amena y divertida.<\/p>\n\n\n\n<p>Venite a nuestro rinc\u00f3n infantil! Integrantes de CEFIC (Alicia, Laura, Seba y Soledad)<\/p>\n\n\n\n<figure class=\"wp-block-gallery has-nested-images columns-1 is-cropped wp-block-gallery-1 is-layout-flex wp-block-gallery-is-layout-flex\">\n<figure class=\"wp-block-image size-large\"><img loading=\"lazy\" decoding=\"async\" width=\"900\" height=\"874\" data-id=\"8060\" src=\"https:\/\/fecovi.coop\/web\/wp-content\/uploads\/2022\/05\/1.jpeg\" alt=\"\" class=\"wp-image-8060\" srcset=\"https:\/\/fecovi.coop\/web\/wp-content\/uploads\/2022\/05\/1.jpeg 900w, https:\/\/fecovi.coop\/web\/wp-content\/uploads\/2022\/05\/1-300x291.jpeg 300w, https:\/\/fecovi.coop\/web\/wp-content\/uploads\/2022\/05\/1-768x746.jpeg 768w\" sizes=\"auto, (max-width: 900px) 100vw, 900px\" \/><\/figure>\n\n\n\n<figure class=\"wp-block-image size-large\"><img loading=\"lazy\" decoding=\"async\" width=\"900\" height=\"673\" data-id=\"8061\" src=\"https:\/\/fecovi.coop\/web\/wp-content\/uploads\/2022\/05\/2.jpeg\" alt=\"\" class=\"wp-image-8061\" srcset=\"https:\/\/fecovi.coop\/web\/wp-content\/uploads\/2022\/05\/2.jpeg 900w, https:\/\/fecovi.coop\/web\/wp-content\/uploads\/2022\/05\/2-300x224.jpeg 300w, https:\/\/fecovi.coop\/web\/wp-content\/uploads\/2022\/05\/2-768x574.jpeg 768w\" sizes=\"auto, (max-width: 900px) 100vw, 900px\" \/><\/figure>\n<\/figure>\n","protected":false},"excerpt":{"rendered":"<p>En la Federaci\u00f3n hemos inaugurado un espacio infantil para los ni\u00f1os y ni\u00f1as que concurren a las reuniones con sus familiares.El objetivo del espacio es la recreaci\u00f3n y el aprendizaje &#8230;<\/p>\n","protected":false},"author":1,"featured_media":8061,"comment_status":"closed","ping_status":"closed","sticky":false,"template":"","format":"standard","meta":{"footnotes":""},"categories":[2],"tags":[],"class_list":["post-8059","post","type-post","status-publish","format-standard","has-post-thumbnail","hentry","category-noticias"],"_links":{"self":[{"href":"https:\/\/fecovi.coop\/web\/wp-json\/wp\/v2\/posts\/8059","targetHints":{"allow":["GET"]}}],"collection":[{"href":"https:\/\/fecovi.coop\/web\/wp-json\/wp\/v2\/posts"}],"about":[{"href":"https:\/\/fecovi.coop\/web\/wp-json\/wp\/v2\/types\/post"}],"author":[{"embeddable":true,"href":"https:\/\/fecovi.coop\/web\/wp-json\/wp\/v2\/users\/1"}],"replies":[{"embeddable":true,"href":"https:\/\/fecovi.coop\/web\/wp-json\/wp\/v2\/comments?post=8059"}],"version-history":[{"count":1,"href":"https:\/\/fecovi.coop\/web\/wp-json\/wp\/v2\/posts\/8059\/revisions"}],"predecessor-version":[{"id":8063,"href":"https:\/\/fecovi.coop\/web\/wp-json\/wp\/v2\/posts\/8059\/revisions\/8063"}],"wp:featuredmedia":[{"embeddable":true,"href":"https:\/\/fecovi.coop\/web\/wp-json\/wp\/v2\/media\/8061"}],"wp:attachment":[{"href":"https:\/\/fecovi.coop\/web\/wp-json\/wp\/v2\/media?parent=8059"}],"wp:term":[{"taxonomy":"category","embeddable":true,"href":"https:\/\/fecovi.coop\/web\/wp-json\/wp\/v2\/categories?post=8059"},{"taxonomy":"post_tag","embeddable":true,"href":"https:\/\/fecovi.coop\/web\/wp-json\/wp\/v2\/tags?post=8059"}],"curies":[{"name":"wp","href":"https:\/\/api.w.org\/{rel}","templated":true}]}}