{"id":7950,"date":"2022-04-07T19:38:52","date_gmt":"2022-04-07T19:38:52","guid":{"rendered":"https:\/\/fecovi.coop\/web\/?p=7950"},"modified":"2022-04-21T14:29:47","modified_gmt":"2022-04-21T14:29:47","slug":"asamblea-general-ordinaria","status":"publish","type":"post","link":"https:\/\/fecovi.coop\/web\/asamblea-general-ordinaria\/","title":{"rendered":"ASAMBLEA GENERAL ORDINARIA"},"content":{"rendered":"\n<p>El Consejo Directivo de FECOVI en su sesi\u00f3n del pasado 4 de abril, dispuso la convocatoria a la ASAMBLEA GENERAL ORDINARIA para el pr\u00f3ximo 5 de mayo, primer llamado 18:30, segundo llamado 19:30 Hs, a los efectos de considerar el siguiente ORDEN DEL D\u00cdA:<\/p>\n\n\n\n<ol class=\"wp-block-list\"><li><strong>Balance Ejercicio 2020 &#8211; 2021 <\/strong><br>Informe de Comisi\u00f3n Fiscal (se remitir\u00e1 pr\u00f3ximamente)<br>Distribuci\u00f3n de Excedentes. (se remitir\u00e1 pr\u00f3ximamente propuesta del Consejo Directivo).<\/li><li><strong>Elecci\u00f3n de Comisi\u00f3n Electoral.<\/strong><br>Fijaci\u00f3n de fecha de elecciones.<\/li><li><strong>Informe del Consejo Directivo sobre reuni\u00f3n con el Ministerio de Vivienda y Plan de Lucha<\/strong><\/li><\/ol>\n\n\n\n<p class=\"has-text-align-left\"><strong>Descargar <\/strong><\/p>\n\n\n\n<p class=\"has-text-align-left\"><a rel=\"noreferrer noopener\" href=\"https:\/\/fecovi.coop\/web\/wp-content\/uploads\/2022\/04\/balance_fecovi-2021.pdf\" target=\"_blank\">Balance Fecovi 2021<\/a><\/p>\n\n\n\n<div class=\"wp-block-file\"><a id=\"wp-block-file--media-6b6fd48d-119e-472b-a689-dd7ee830ecea\" href=\"https:\/\/fecovi.coop\/web\/wp-content\/uploads\/2022\/04\/Notas-a-los-estados-contables-fecovi-2021.pdf\" target=\"_blank\" rel=\"noreferrer noopener\">Notas a los estados contables Fecovi 2021<\/a><\/div>\n\n\n\n<p><\/p>\n\n\n\n<p class=\"has-text-align-left\"><strong>CANELONES 990 5 DE MAYO<\/strong><br>18:30 PRIMER LLAMADO<br>19:30 SEGUNDO LLAMADO<\/p>\n","protected":false},"excerpt":{"rendered":"<p>El Consejo Directivo de FECOVI en su sesi\u00f3n del pasado 4 de abril, dispuso la convocatoria a la ASAMBLEA GENERAL ORDINARIA para el pr\u00f3ximo 5 de mayo, primer llamado 18:30, &#8230;<\/p>\n","protected":false},"author":1,"featured_media":7323,"comment_status":"closed","ping_status":"closed","sticky":false,"template":"","format":"standard","meta":{"footnotes":""},"categories":[2],"tags":[],"class_list":["post-7950","post","type-post","status-publish","format-standard","has-post-thumbnail","hentry","category-noticias"],"_links":{"self":[{"href":"https:\/\/fecovi.coop\/web\/wp-json\/wp\/v2\/posts\/7950","targetHints":{"allow":["GET"]}}],"collection":[{"href":"https:\/\/fecovi.coop\/web\/wp-json\/wp\/v2\/posts"}],"about":[{"href":"https:\/\/fecovi.coop\/web\/wp-json\/wp\/v2\/types\/post"}],"author":[{"embeddable":true,"href":"https:\/\/fecovi.coop\/web\/wp-json\/wp\/v2\/users\/1"}],"replies":[{"embeddable":true,"href":"https:\/\/fecovi.coop\/web\/wp-json\/wp\/v2\/comments?post=7950"}],"version-history":[{"count":9,"href":"https:\/\/fecovi.coop\/web\/wp-json\/wp\/v2\/posts\/7950\/revisions"}],"predecessor-version":[{"id":7976,"href":"https:\/\/fecovi.coop\/web\/wp-json\/wp\/v2\/posts\/7950\/revisions\/7976"}],"wp:featuredmedia":[{"embeddable":true,"href":"https:\/\/fecovi.coop\/web\/wp-json\/wp\/v2\/media\/7323"}],"wp:attachment":[{"href":"https:\/\/fecovi.coop\/web\/wp-json\/wp\/v2\/media?parent=7950"}],"wp:term":[{"taxonomy":"category","embeddable":true,"href":"https:\/\/fecovi.coop\/web\/wp-json\/wp\/v2\/categories?post=7950"},{"taxonomy":"post_tag","embeddable":true,"href":"https:\/\/fecovi.coop\/web\/wp-json\/wp\/v2\/tags?post=7950"}],"curies":[{"name":"wp","href":"https:\/\/api.w.org\/{rel}","templated":true}]}}