{"id":7930,"date":"2022-04-05T13:24:43","date_gmt":"2022-04-05T13:24:43","guid":{"rendered":"https:\/\/fecovi.coop\/web\/?p=7930"},"modified":"2022-04-05T15:40:25","modified_gmt":"2022-04-05T15:40:25","slug":"el-pasado-16-de-marzo-en-una-historica-jornada-se-llevo-a-cabo-el-toque-rosa","status":"publish","type":"post","link":"https:\/\/fecovi.coop\/web\/el-pasado-16-de-marzo-en-una-historica-jornada-se-llevo-a-cabo-el-toque-rosa\/","title":{"rendered":"El pasado 16 de marzo en una hist\u00f3rica jornada, se llev\u00f3 a cabo el TOQUE ROSA."},"content":{"rendered":"\n<h3 class=\"wp-block-heading\">Evento en apoyo al SI a la Derogaci\u00f3n de la LUC, organizado por nuestra comisi\u00f3n Movilizaci\u00f3n.<\/h3>\n\n\n\n<!--more-->\n\n\n\n<p>En el mismo participaron m\u00e1s de 300 personas. Representantes de nuestras cooperativas y vecinos, as\u00ed como tambi\u00e9n tuvimos el agrado de contar con la presencia de varias organizaciones pertenecientes al campo social.<\/p>\n\n\n\n<p><strong>Los oradores del mismo fueron:<\/strong><\/p>\n\n\n\n<p>Luis Llorca por FECOVI<br>Gustavo Gonz\u00e1lez por FUCVAM<br>TAMARA GARC\u00cdA por PITCNT<\/p>\n\n\n\n<p><strong>Adem\u00e1s contamos con los eventos artisticos de:<\/strong><\/p>\n\n\n\n<p>Murga Cay\u00f3 la Cabra<br>La Imbailable Cumbia Orquesta<br>Comparsa Barrica.<\/p>\n\n\n\n<hr class=\"wp-block-separator\"\/>\n\n\n\n[Best_Wordpress_Gallery id=\u00bb9&#8243; gal_title=\u00bbToque Rosa\u00bb]\n\n\n\n<hr class=\"wp-block-separator\"\/>\n","protected":false},"excerpt":{"rendered":"<p>Evento en apoyo al SI a la Derogaci\u00f3n de la LUC, organizado por nuestra comisi\u00f3n Movilizaci\u00f3n.<\/p>\n","protected":false},"author":1,"featured_media":7931,"comment_status":"closed","ping_status":"closed","sticky":false,"template":"","format":"standard","meta":{"footnotes":""},"categories":[2],"tags":[],"class_list":["post-7930","post","type-post","status-publish","format-standard","has-post-thumbnail","hentry","category-noticias"],"_links":{"self":[{"href":"https:\/\/fecovi.coop\/web\/wp-json\/wp\/v2\/posts\/7930","targetHints":{"allow":["GET"]}}],"collection":[{"href":"https:\/\/fecovi.coop\/web\/wp-json\/wp\/v2\/posts"}],"about":[{"href":"https:\/\/fecovi.coop\/web\/wp-json\/wp\/v2\/types\/post"}],"author":[{"embeddable":true,"href":"https:\/\/fecovi.coop\/web\/wp-json\/wp\/v2\/users\/1"}],"replies":[{"embeddable":true,"href":"https:\/\/fecovi.coop\/web\/wp-json\/wp\/v2\/comments?post=7930"}],"version-history":[{"count":8,"href":"https:\/\/fecovi.coop\/web\/wp-json\/wp\/v2\/posts\/7930\/revisions"}],"predecessor-version":[{"id":7944,"href":"https:\/\/fecovi.coop\/web\/wp-json\/wp\/v2\/posts\/7930\/revisions\/7944"}],"wp:featuredmedia":[{"embeddable":true,"href":"https:\/\/fecovi.coop\/web\/wp-json\/wp\/v2\/media\/7931"}],"wp:attachment":[{"href":"https:\/\/fecovi.coop\/web\/wp-json\/wp\/v2\/media?parent=7930"}],"wp:term":[{"taxonomy":"category","embeddable":true,"href":"https:\/\/fecovi.coop\/web\/wp-json\/wp\/v2\/categories?post=7930"},{"taxonomy":"post_tag","embeddable":true,"href":"https:\/\/fecovi.coop\/web\/wp-json\/wp\/v2\/tags?post=7930"}],"curies":[{"name":"wp","href":"https:\/\/api.w.org\/{rel}","templated":true}]}}