{"id":7922,"date":"2022-04-05T13:14:16","date_gmt":"2022-04-05T13:14:16","guid":{"rendered":"https:\/\/fecovi.coop\/web\/?p=7922"},"modified":"2022-05-06T19:06:44","modified_gmt":"2022-05-06T19:06:44","slug":"el-pasado-lunes-7-de-marzo-se-conformo-en-su-totalidad-el-consejo-directivo-en-nuestra-federacion","status":"publish","type":"post","link":"https:\/\/fecovi.coop\/web\/el-pasado-lunes-7-de-marzo-se-conformo-en-su-totalidad-el-consejo-directivo-en-nuestra-federacion\/","title":{"rendered":"Nuevas autoridades en nuestra Federaci\u00f3n"},"content":{"rendered":"\n<h3 class=\"wp-block-heading\">El pasado lunes 7 de marzo, se conform\u00f3 en su totalidad el Consejo Directivo en nuestra federaci\u00f3n.<\/h3>\n\n\n\n<!--more-->\n\n\n\n<figure class=\"wp-block-gallery has-nested-images columns-default is-cropped wp-block-gallery-1 is-layout-flex wp-block-gallery-is-layout-flex\">\n<figure class=\"wp-block-image size-large\"><img loading=\"lazy\" decoding=\"async\" width=\"800\" height=\"530\" data-id=\"7924\" src=\"https:\/\/fecovi.coop\/web\/wp-content\/uploads\/2022\/04\/consejo-directivo-FECOVI-2022.jpg\" alt=\"\" class=\"wp-image-7924\" srcset=\"https:\/\/fecovi.coop\/web\/wp-content\/uploads\/2022\/04\/consejo-directivo-FECOVI-2022.jpg 800w, https:\/\/fecovi.coop\/web\/wp-content\/uploads\/2022\/04\/consejo-directivo-FECOVI-2022-300x199.jpg 300w, https:\/\/fecovi.coop\/web\/wp-content\/uploads\/2022\/04\/consejo-directivo-FECOVI-2022-768x509.jpg 768w, https:\/\/fecovi.coop\/web\/wp-content\/uploads\/2022\/04\/consejo-directivo-FECOVI-2022-391x260.jpg 391w\" sizes=\"auto, (max-width: 800px) 100vw, 800px\" \/><\/figure>\n\n\n\n<figure class=\"wp-block-image size-large\"><img loading=\"lazy\" decoding=\"async\" width=\"800\" height=\"530\" data-id=\"7923\" src=\"https:\/\/fecovi.coop\/web\/wp-content\/uploads\/2022\/04\/Massaroni-llorca-rey-Raffo-Montano-domostoj-CARBO-Logaldo-.jpg\" alt=\"\" class=\"wp-image-7923\" srcset=\"https:\/\/fecovi.coop\/web\/wp-content\/uploads\/2022\/04\/Massaroni-llorca-rey-Raffo-Montano-domostoj-CARBO-Logaldo-.jpg 800w, https:\/\/fecovi.coop\/web\/wp-content\/uploads\/2022\/04\/Massaroni-llorca-rey-Raffo-Montano-domostoj-CARBO-Logaldo--300x199.jpg 300w, https:\/\/fecovi.coop\/web\/wp-content\/uploads\/2022\/04\/Massaroni-llorca-rey-Raffo-Montano-domostoj-CARBO-Logaldo--768x509.jpg 768w, https:\/\/fecovi.coop\/web\/wp-content\/uploads\/2022\/04\/Massaroni-llorca-rey-Raffo-Montano-domostoj-CARBO-Logaldo--391x260.jpg 391w\" sizes=\"auto, (max-width: 800px) 100vw, 800px\" \/><\/figure>\n<\/figure>\n\n\n\n<h3 class=\"wp-block-heading\">Por elecci\u00f3n directa contin\u00faan en sus cargos:<\/h3>\n\n\n\n<p>Zulma Perdomo (Covisur 2)<br>Alicia Alvarez (Ra\u00edces Nuevas)<br>Rafael Rey (Malec\u00f3n Mau\u00e1)<br>Luis Llorca (Ra\u00edces Nuevas)<br>Hugo Monta\u00f1o (San Antonio)<br>Alberto Raffo (Florida)<\/p>\n\n\n\n<h3 class=\"wp-block-heading\">Por r\u00e9gimen de suplencias han ascendido:<\/h3>\n\n\n\n<p>Daniel Logaldo (El Ladrillo)<br>Miguel Carb\u00f3 (Vicman)<br>Andr\u00e9s Massaroni (Coviafutu)<\/p>\n\n\n\n<div style=\"height:39px\" aria-hidden=\"true\" class=\"wp-block-spacer\"><\/div>\n\n\n\n<h3 class=\"wp-block-heading\">Las restantes comisones estatutarias se integran de la siguiente manera:<\/h3>\n\n\n\n<div style=\"height:24px\" aria-hidden=\"true\" class=\"wp-block-spacer\"><\/div>\n\n\n\n<h4 class=\"wp-block-heading\">Integrantes de CEFIC:<\/h4>\n\n\n\n<p>Alba Alvarez (Cooperativa 30 de Febrero)<br>Alicia Bidegaray (Cooperativa San Antonio)<br>Laura Medina (Cooperativa Alondras del Prado)<br>Sebasti\u00e1n Arriola (Cooperativa 30 de Febrero)<\/p>\n\n\n\n<h4 class=\"wp-block-heading\">Integrantes Comisi\u00f3n Fiscal:<\/h4>\n\n\n\n<p>Ramiro Laporta (Cooperativa Vicman)<br>Mar\u00eda Vergara (Cooperativa Puerto Fabini)<\/p>\n\n\n\n<div style=\"height:50px\" aria-hidden=\"true\" class=\"wp-block-spacer\"><\/div>\n","protected":false},"excerpt":{"rendered":"<p>El pasado lunes 7 de marzo, se conform\u00f3 en su totalidad el Consejo Directivo en nuestra federaci\u00f3n.<\/p>\n","protected":false},"author":1,"featured_media":7924,"comment_status":"closed","ping_status":"closed","sticky":false,"template":"","format":"standard","meta":{"footnotes":""},"categories":[2],"tags":[],"class_list":["post-7922","post","type-post","status-publish","format-standard","has-post-thumbnail","hentry","category-noticias"],"_links":{"self":[{"href":"https:\/\/fecovi.coop\/web\/wp-json\/wp\/v2\/posts\/7922","targetHints":{"allow":["GET"]}}],"collection":[{"href":"https:\/\/fecovi.coop\/web\/wp-json\/wp\/v2\/posts"}],"about":[{"href":"https:\/\/fecovi.coop\/web\/wp-json\/wp\/v2\/types\/post"}],"author":[{"embeddable":true,"href":"https:\/\/fecovi.coop\/web\/wp-json\/wp\/v2\/users\/1"}],"replies":[{"embeddable":true,"href":"https:\/\/fecovi.coop\/web\/wp-json\/wp\/v2\/comments?post=7922"}],"version-history":[{"count":14,"href":"https:\/\/fecovi.coop\/web\/wp-json\/wp\/v2\/posts\/7922\/revisions"}],"predecessor-version":[{"id":8058,"href":"https:\/\/fecovi.coop\/web\/wp-json\/wp\/v2\/posts\/7922\/revisions\/8058"}],"wp:featuredmedia":[{"embeddable":true,"href":"https:\/\/fecovi.coop\/web\/wp-json\/wp\/v2\/media\/7924"}],"wp:attachment":[{"href":"https:\/\/fecovi.coop\/web\/wp-json\/wp\/v2\/media?parent=7922"}],"wp:term":[{"taxonomy":"category","embeddable":true,"href":"https:\/\/fecovi.coop\/web\/wp-json\/wp\/v2\/categories?post=7922"},{"taxonomy":"post_tag","embeddable":true,"href":"https:\/\/fecovi.coop\/web\/wp-json\/wp\/v2\/tags?post=7922"}],"curies":[{"name":"wp","href":"https:\/\/api.w.org\/{rel}","templated":true}]}}