{"id":7501,"date":"2022-02-16T15:51:15","date_gmt":"2022-02-16T15:51:15","guid":{"rendered":"https:\/\/fecovi.coop\/web\/?p=7501"},"modified":"2022-02-24T00:10:10","modified_gmt":"2022-02-24T00:10:10","slug":"a-nuestras-cooperativas-y-al-movimiento-cooperativo-uruguayo","status":"publish","type":"post","link":"https:\/\/fecovi.coop\/web\/a-nuestras-cooperativas-y-al-movimiento-cooperativo-uruguayo\/","title":{"rendered":"A NUESTRAS COOPERATIVAS Y AL MOVIMIENTO COOPERATIVO URUGUAYO"},"content":{"rendered":"\n<p>El Consejo Directivo de FECOVI, con profundo dolor, comunica el fallecimiento del compa\u00f1ero Vicepresidente de la Federaci\u00f3n Ricardo Pisciottano.<\/p>\n\n\n\n<p>Ricardo fue un puntal del sistema cooperativo uruguayo. De dilatada, permanente e incansable militancia por el cooperativismo, particip\u00f3 en su cooperativa de base VICMAN, pasando por FECOVI, CUDECOOP e INACOOP, siempre con la misma dedicaci\u00f3n, aportando su lucidez y profundos conocimientos del sistema.<\/p>\n\n\n\n<p>Particip\u00f3 de nuestro Consejo, de nuestras comisiones y de todos los \u00e1mbitos democr\u00e1ticos que integraba hasta las \u00faltimas horas, sin excusas, honrando las responsabilidades asumidas, dando siempre su mensaje positivo, intercambiando con franqueza y dejando hondas huellas para quienes quedamos, as\u00ed como tambi\u00e9n y fundamentalmente, para los futuros dirigentes del movimiento cooperativo Uruguayo.<\/p>\n\n\n\n<p>En esta triste hora, s\u00f3lo nos queda agradecer al compa\u00f1ero, abrazar a su familia y redoblar la militancia \u201cpor m\u00e1s y mejor cooperativismo\u201d frase que acu\u00f1\u00f3 y tanto lo identificaba.<\/p>\n\n\n\n<p>Consejo Directivo<br>FECOVI<\/p>\n","protected":false},"excerpt":{"rendered":"<p>El Consejo Directivo de FECOVI, con profundo dolor, comunica el fallecimiento del compa\u00f1ero Vicepresidente de la Federaci\u00f3n Ricardo Pisciottano. Ricardo fue un puntal del sistema cooperativo uruguayo. De dilatada, permanente &#8230;<\/p>\n","protected":false},"author":1,"featured_media":7323,"comment_status":"closed","ping_status":"closed","sticky":false,"template":"","format":"standard","meta":{"footnotes":""},"categories":[2],"tags":[],"class_list":["post-7501","post","type-post","status-publish","format-standard","has-post-thumbnail","hentry","category-noticias"],"_links":{"self":[{"href":"https:\/\/fecovi.coop\/web\/wp-json\/wp\/v2\/posts\/7501","targetHints":{"allow":["GET"]}}],"collection":[{"href":"https:\/\/fecovi.coop\/web\/wp-json\/wp\/v2\/posts"}],"about":[{"href":"https:\/\/fecovi.coop\/web\/wp-json\/wp\/v2\/types\/post"}],"author":[{"embeddable":true,"href":"https:\/\/fecovi.coop\/web\/wp-json\/wp\/v2\/users\/1"}],"replies":[{"embeddable":true,"href":"https:\/\/fecovi.coop\/web\/wp-json\/wp\/v2\/comments?post=7501"}],"version-history":[{"count":1,"href":"https:\/\/fecovi.coop\/web\/wp-json\/wp\/v2\/posts\/7501\/revisions"}],"predecessor-version":[{"id":7503,"href":"https:\/\/fecovi.coop\/web\/wp-json\/wp\/v2\/posts\/7501\/revisions\/7503"}],"wp:featuredmedia":[{"embeddable":true,"href":"https:\/\/fecovi.coop\/web\/wp-json\/wp\/v2\/media\/7323"}],"wp:attachment":[{"href":"https:\/\/fecovi.coop\/web\/wp-json\/wp\/v2\/media?parent=7501"}],"wp:term":[{"taxonomy":"category","embeddable":true,"href":"https:\/\/fecovi.coop\/web\/wp-json\/wp\/v2\/categories?post=7501"},{"taxonomy":"post_tag","embeddable":true,"href":"https:\/\/fecovi.coop\/web\/wp-json\/wp\/v2\/tags?post=7501"}],"curies":[{"name":"wp","href":"https:\/\/api.w.org\/{rel}","templated":true}]}}