{"id":7423,"date":"2021-12-22T13:33:48","date_gmt":"2021-12-22T13:33:48","guid":{"rendered":"https:\/\/fecovi.coop\/web\/?p=7423"},"modified":"2021-12-22T22:55:00","modified_gmt":"2021-12-22T22:55:00","slug":"inauguro-la-fuga","status":"publish","type":"post","link":"https:\/\/fecovi.coop\/web\/inauguro-la-fuga\/","title":{"rendered":"INAUGUR\u00d3 LA FUGA"},"content":{"rendered":"\n<h3 class=\"wp-block-heading\"><strong>EL GOES ACUNA A UNA NUEVA COOPERATIVA<\/strong><\/h3>\n\n\n\n<figure class=\"wp-block-gallery columns-2 is-cropped wp-block-gallery-1 is-layout-flex wp-block-gallery-is-layout-flex\"><ul class=\"blocks-gallery-grid\"><li class=\"blocks-gallery-item\"><figure><img loading=\"lazy\" decoding=\"async\" width=\"800\" height=\"534\" src=\"https:\/\/fecovi.coop\/web\/wp-content\/uploads\/2021\/12\/coopLafuga-5.jpg\" alt=\"\" data-id=\"7439\" data-full-url=\"https:\/\/fecovi.coop\/web\/wp-content\/uploads\/2021\/12\/coopLafuga-5.jpg\" data-link=\"https:\/\/fecovi.coop\/web\/2021\/12\/22\/inauguro-la-fuga\/cooplafuga-5\/\" class=\"wp-image-7439\" srcset=\"https:\/\/fecovi.coop\/web\/wp-content\/uploads\/2021\/12\/coopLafuga-5.jpg 800w, https:\/\/fecovi.coop\/web\/wp-content\/uploads\/2021\/12\/coopLafuga-5-300x200.jpg 300w, https:\/\/fecovi.coop\/web\/wp-content\/uploads\/2021\/12\/coopLafuga-5-768x513.jpg 768w\" sizes=\"auto, (max-width: 800px) 100vw, 800px\" \/><\/figure><\/li><li class=\"blocks-gallery-item\"><figure><img loading=\"lazy\" decoding=\"async\" width=\"1024\" height=\"684\" src=\"https:\/\/fecovi.coop\/web\/wp-content\/uploads\/2021\/12\/coopLa-FUGA-1024x684.jpg\" alt=\"\" data-id=\"7438\" data-full-url=\"https:\/\/fecovi.coop\/web\/wp-content\/uploads\/2021\/12\/coopLa-FUGA-scaled.jpg\" data-link=\"https:\/\/fecovi.coop\/web\/2021\/12\/22\/inauguro-la-fuga\/coopla-fuga\/\" class=\"wp-image-7438\" srcset=\"https:\/\/fecovi.coop\/web\/wp-content\/uploads\/2021\/12\/coopLa-FUGA-1024x684.jpg 1024w, https:\/\/fecovi.coop\/web\/wp-content\/uploads\/2021\/12\/coopLa-FUGA-300x200.jpg 300w, https:\/\/fecovi.coop\/web\/wp-content\/uploads\/2021\/12\/coopLa-FUGA-768x513.jpg 768w, https:\/\/fecovi.coop\/web\/wp-content\/uploads\/2021\/12\/coopLa-FUGA-1536x1025.jpg 1536w, https:\/\/fecovi.coop\/web\/wp-content\/uploads\/2021\/12\/coopLa-FUGA-2048x1367.jpg 2048w\" sizes=\"auto, (max-width: 1024px) 100vw, 1024px\" \/><\/figure><\/li><li class=\"blocks-gallery-item\"><figure><img loading=\"lazy\" decoding=\"async\" width=\"800\" height=\"534\" src=\"https:\/\/fecovi.coop\/web\/wp-content\/uploads\/2021\/12\/coopLafuga6.jpg\" alt=\"\" data-id=\"7431\" data-full-url=\"https:\/\/fecovi.coop\/web\/wp-content\/uploads\/2021\/12\/coopLafuga6.jpg\" data-link=\"https:\/\/fecovi.coop\/web\/2021\/12\/22\/inauguro-la-fuga\/cooplafuga6\/\" class=\"wp-image-7431\" srcset=\"https:\/\/fecovi.coop\/web\/wp-content\/uploads\/2021\/12\/coopLafuga6.jpg 800w, https:\/\/fecovi.coop\/web\/wp-content\/uploads\/2021\/12\/coopLafuga6-300x200.jpg 300w, https:\/\/fecovi.coop\/web\/wp-content\/uploads\/2021\/12\/coopLafuga6-768x513.jpg 768w\" sizes=\"auto, (max-width: 800px) 100vw, 800px\" \/><\/figure><\/li><\/ul><\/figure>\n\n\n\n<p>El pasado s\u00e1bado 11 de diciembre se dio inauguraci\u00f3n a Cooperativa La Fuga, fundada en el a\u00f1o 2013 y compuesta por 50 n\u00facleos familiares. Hoy habita el barrio Goes en la calle Ram\u00f3n del Valle Incl\u00e1n esquina Libres, comparti\u00e9ndolo con varias cooperativas de vivienda que se ubican en la zona.<\/p>\n\n\n\n<p>La jornada de inauguraci\u00f3n cont\u00f3 con la presencia de los Directivos de FECOVI, Secretario Luis Llorca, Vicepresidente Ricardo Pisciottano, Zulma Perdomo y Hugo Monta\u00f1o. El secretario de la federaci\u00f3n destac\u00f3 el compromiso de la Intendencia de Montevideo para con el sistema cooperativo y valor\u00f3 el Plan de Reciclaje en el cual se est\u00e1 trabajando en varias cooperativas. Desde la Intendencia de Montevideo, la Intendenta Ing.Carolina Cosse en compa\u00f1\u00eda del Director de Tierras y H\u00e1bitat Ec. Sebasti\u00e1n Moreno, dieron menci\u00f3n al plan de Gesti\u00f3n de Residuos y reafirmaron su compromiso.<br>Las familias celebraron con gran alegr\u00eda y much\u00edsima emoci\u00f3n, lo que fue un camino de trabajo y objetivo colectivo, que en fin seguir\u00e1 si\u00e9ndolo, cerrando la jornada con m\u00fasica, baile y con una felicidad palpable.<\/p>\n\n\n\n<figure class=\"wp-block-gallery columns-3 is-cropped wp-block-gallery-2 is-layout-flex wp-block-gallery-is-layout-flex\"><ul class=\"blocks-gallery-grid\"><li class=\"blocks-gallery-item\"><figure><img loading=\"lazy\" decoding=\"async\" width=\"800\" height=\"528\" src=\"https:\/\/fecovi.coop\/web\/wp-content\/uploads\/2021\/12\/coopLasflores-19.jpg\" alt=\"\" data-id=\"7433\" data-full-url=\"https:\/\/fecovi.coop\/web\/wp-content\/uploads\/2021\/12\/coopLasflores-19.jpg\" data-link=\"https:\/\/fecovi.coop\/web\/2021\/12\/22\/inauguro-la-fuga\/cooplasflores-19\/\" class=\"wp-image-7433\" srcset=\"https:\/\/fecovi.coop\/web\/wp-content\/uploads\/2021\/12\/coopLasflores-19.jpg 800w, https:\/\/fecovi.coop\/web\/wp-content\/uploads\/2021\/12\/coopLasflores-19-300x198.jpg 300w, https:\/\/fecovi.coop\/web\/wp-content\/uploads\/2021\/12\/coopLasflores-19-768x507.jpg 768w\" sizes=\"auto, (max-width: 800px) 100vw, 800px\" \/><\/figure><\/li><li class=\"blocks-gallery-item\"><figure><img loading=\"lazy\" decoding=\"async\" width=\"800\" height=\"534\" src=\"https:\/\/fecovi.coop\/web\/wp-content\/uploads\/2021\/12\/coopLasflores-32.jpg\" alt=\"\" data-id=\"7434\" data-full-url=\"https:\/\/fecovi.coop\/web\/wp-content\/uploads\/2021\/12\/coopLasflores-32.jpg\" data-link=\"https:\/\/fecovi.coop\/web\/2021\/12\/22\/inauguro-la-fuga\/cooplasflores-32\/\" class=\"wp-image-7434\" srcset=\"https:\/\/fecovi.coop\/web\/wp-content\/uploads\/2021\/12\/coopLasflores-32.jpg 800w, https:\/\/fecovi.coop\/web\/wp-content\/uploads\/2021\/12\/coopLasflores-32-300x200.jpg 300w, https:\/\/fecovi.coop\/web\/wp-content\/uploads\/2021\/12\/coopLasflores-32-768x513.jpg 768w\" sizes=\"auto, (max-width: 800px) 100vw, 800px\" \/><\/figure><\/li><li class=\"blocks-gallery-item\"><figure><img loading=\"lazy\" decoding=\"async\" width=\"800\" height=\"534\" src=\"https:\/\/fecovi.coop\/web\/wp-content\/uploads\/2021\/12\/coopLasflores-36.jpg\" alt=\"\" data-id=\"7435\" data-full-url=\"https:\/\/fecovi.coop\/web\/wp-content\/uploads\/2021\/12\/coopLasflores-36.jpg\" data-link=\"https:\/\/fecovi.coop\/web\/2021\/12\/22\/inauguro-la-fuga\/cooplasflores-36\/\" class=\"wp-image-7435\" srcset=\"https:\/\/fecovi.coop\/web\/wp-content\/uploads\/2021\/12\/coopLasflores-36.jpg 800w, https:\/\/fecovi.coop\/web\/wp-content\/uploads\/2021\/12\/coopLasflores-36-300x200.jpg 300w, https:\/\/fecovi.coop\/web\/wp-content\/uploads\/2021\/12\/coopLasflores-36-768x513.jpg 768w\" sizes=\"auto, (max-width: 800px) 100vw, 800px\" \/><\/figure><\/li><li class=\"blocks-gallery-item\"><figure><img loading=\"lazy\" decoding=\"async\" width=\"800\" height=\"534\" src=\"https:\/\/fecovi.coop\/web\/wp-content\/uploads\/2021\/12\/coopLasflores-40.jpg\" alt=\"\" data-id=\"7436\" data-full-url=\"https:\/\/fecovi.coop\/web\/wp-content\/uploads\/2021\/12\/coopLasflores-40.jpg\" data-link=\"https:\/\/fecovi.coop\/web\/2021\/12\/22\/inauguro-la-fuga\/cooplasflores-40\/\" class=\"wp-image-7436\" srcset=\"https:\/\/fecovi.coop\/web\/wp-content\/uploads\/2021\/12\/coopLasflores-40.jpg 800w, https:\/\/fecovi.coop\/web\/wp-content\/uploads\/2021\/12\/coopLasflores-40-300x200.jpg 300w, https:\/\/fecovi.coop\/web\/wp-content\/uploads\/2021\/12\/coopLasflores-40-768x513.jpg 768w\" sizes=\"auto, (max-width: 800px) 100vw, 800px\" \/><\/figure><\/li><\/ul><\/figure>\n","protected":false},"excerpt":{"rendered":"<p>EL GOES ACUNA A UNA NUEVA COOPERATIVA El pasado s\u00e1bado 11 de diciembre se dio inauguraci\u00f3n a Cooperativa La Fuga, fundada en el a\u00f1o 2013 y compuesta por 50 n\u00facleos &#8230;<\/p>\n","protected":false},"author":1,"featured_media":7431,"comment_status":"closed","ping_status":"closed","sticky":false,"template":"","format":"standard","meta":{"footnotes":""},"categories":[2],"tags":[],"class_list":["post-7423","post","type-post","status-publish","format-standard","has-post-thumbnail","hentry","category-noticias"],"_links":{"self":[{"href":"https:\/\/fecovi.coop\/web\/wp-json\/wp\/v2\/posts\/7423","targetHints":{"allow":["GET"]}}],"collection":[{"href":"https:\/\/fecovi.coop\/web\/wp-json\/wp\/v2\/posts"}],"about":[{"href":"https:\/\/fecovi.coop\/web\/wp-json\/wp\/v2\/types\/post"}],"author":[{"embeddable":true,"href":"https:\/\/fecovi.coop\/web\/wp-json\/wp\/v2\/users\/1"}],"replies":[{"embeddable":true,"href":"https:\/\/fecovi.coop\/web\/wp-json\/wp\/v2\/comments?post=7423"}],"version-history":[{"count":10,"href":"https:\/\/fecovi.coop\/web\/wp-json\/wp\/v2\/posts\/7423\/revisions"}],"predecessor-version":[{"id":7443,"href":"https:\/\/fecovi.coop\/web\/wp-json\/wp\/v2\/posts\/7423\/revisions\/7443"}],"wp:featuredmedia":[{"embeddable":true,"href":"https:\/\/fecovi.coop\/web\/wp-json\/wp\/v2\/media\/7431"}],"wp:attachment":[{"href":"https:\/\/fecovi.coop\/web\/wp-json\/wp\/v2\/media?parent=7423"}],"wp:term":[{"taxonomy":"category","embeddable":true,"href":"https:\/\/fecovi.coop\/web\/wp-json\/wp\/v2\/categories?post=7423"},{"taxonomy":"post_tag","embeddable":true,"href":"https:\/\/fecovi.coop\/web\/wp-json\/wp\/v2\/tags?post=7423"}],"curies":[{"name":"wp","href":"https:\/\/api.w.org\/{rel}","templated":true}]}}