{"id":7379,"date":"2021-12-06T19:22:47","date_gmt":"2021-12-06T19:22:47","guid":{"rendered":"https:\/\/fecovi.coop\/web\/?p=7379"},"modified":"2021-12-06T20:12:53","modified_gmt":"2021-12-06T20:12:53","slug":"plenario-cooperativo","status":"publish","type":"post","link":"https:\/\/fecovi.coop\/web\/plenario-cooperativo\/","title":{"rendered":"PLENARIO COOPERATIVO"},"content":{"rendered":"\n<p>El d\u00eda s\u00e1bado 27 de noviembre, se llev\u00f3 a cabo el encuentro entre las Cooperativas afiliadas y la Federaci\u00f3n, a fin de poder intercambiar ideas y trabajar entre todos para lograr un v\u00ednculo gremial que fortalezca nuestro sistema.<br>Con la participaci\u00f3n total de 43 Cooperativas, t\u00e9cnicos, funcionarios y los Directivos del Consejo de FECOVI, Presidente Dr. Alberto Raffo, Secretario Gral. Luis Llorca, Tesorera Alicia \u00c1lvarez, Vicepresidente Ricardo Pisciottano, Secretaria de Actas Gianella Ciarlo, Atilio Castro, Hugo Monta\u00f1o y Rafael Rey.<\/p>\n\n\n\n<p>En primera instancia Cooperativa Comuna, representada por la Ec. Mariana Garc\u00eda, expuso una presentaci\u00f3n sobre la situaci\u00f3n presupuestal y los recientes hitos de las pol\u00edticas de vivienda.En particular sobre el programa cooperativo se mostr\u00f3 la evoluci\u00f3n reciente de esta pol\u00edtica as\u00ed como las perspectivas de futuro que surgen del an\u00e1lisis de la rendici\u00f3n de cuentas.<br>En este enlace hay un documento de COMUNA que hace s\u00edntesis sobre algunas tem\u00e1ticas del 2020, entre ellas de vivienda, ah\u00ed est\u00e1 la mayor parte del contenido de la presentaci\u00f3n: \u00a0 <a rel=\"noreferrer noopener\" href=\"https:\/\/fecovi.us5.list-manage.com\/track\/click?u=fcb838976e682ba639969f755&amp;id=ff637d5744&amp;e=45f6e3d1ed\" target=\"_blank\">Presentacion.pdf<\/a><br><br>LUEGO\u00a0de la exposici\u00f3n de la Comuna se generan dos sub grupos para trabajar temas diferentes: Plataforma Gremial y Aspectos Institucionales (servicios, cursos, talleres).<\/p>\n\n\n\n<p><strong>SUB GRUPO: ASPECTOS INSTITUCIONALES<\/strong><\/p>\n\n\n\n<p>Se reconoci\u00f3 lo importante y necesario de este tipo de instancias, agradeciendo y reconociendo las tareas honorarias de los dirigentes de la Federaci\u00f3n.<br>En el transcurso del taller fueron surgiendo ideas y puntos a fortalecer, para un mejor funcionamiento y se plantearon problemas cotidianos:<\/p>\n\n\n\n<p>-Tener sub comisiones tem\u00e1ticas por etapa de la cooperativa y que en cada comisi\u00f3n participe un Directivo, para as\u00ed poder atender las distintas problem\u00e1ticas de las cooperativas (en formaci\u00f3n, en obra, habitadas)<br>-Hacer Plenarios tem\u00e1ticos y entregar manuales (CEFIC, Tesorer\u00eda, Fiscales, etc)<br>-Acercamiento de FECOVI a las cooperativas y tambi\u00e9n las cooperativas a FECOVI, v\u00ednculo.<br>-Fomentar el uso de todas las redes sociales (Facebook, Instagram, whatsapp)<br>-Solicitan que estas instancias de plenario se realicen 2 veces al a\u00f1o.<br>-Problemas en las cooperativas habitadas con los socios adultos mayores: accesibilidad en las viviendas (no se pueden bajar escaleras), dificultades para pagar gastos comunes.<br>-Problemas con socios que ingresan al sistema cooperativo por primera vez y \u00abcompran\u00bb su casa (desconocimiento del r\u00e9gimen de usuarios)<br>-Escribanos: desconocen el sistema cooperativo a la hora de liquidar partes sociales y se generan problemas.<br>-Problemas en Comunicaci\u00f3n Organizacional de parte de FECOVI, sugiero usar el servicio que brinda Facultad de Informaci\u00f3n de Udelar para organizaciones sociales con pasant\u00eda para estudiantes avanzados.<br>-Fortalecer la comunicaci\u00f3n de FECOVI con sus socias.<br>-Restablecer las INTERCOOPERATIVAS.<br>-Reivindicar la UNIDAD INTERNA como gremio m\u00e1s all\u00e1 de las distintas corrientes.<br>-Hacer convenios nuevos para atender temas de Adultos Mayores (tema de cuidados, paseos, recreaci\u00f3n)<br>-Idear Residencial cooperativo para adultos (cooperativa de cuidados)<br>-Situaciones de Violencia Basada en G\u00e9nero, se necesita un apoyo especializado con perfil legal y psicol\u00f3gico.<br>-Estratificar actividades y servicios seg\u00fan la etapa de la cooperativa.<br>-Colgamentos, temas sin resolver para muchas cooperativas.<br>-Mantener el esp\u00edritu cooperativo en cooperativas viejas, cuando han renovado el padr\u00f3n social y los socios antiguos.<br>-Servicio de FECOVI para el mantenimiento edilicio de las cooperativas construidas hace muchos a\u00f1os, contar con un listado de acceso recomendado (tanto en el asesoramiento t\u00e9cnico como en la recomendaci\u00f3n de empresas constructoras, t\u00e9cnicos sanitarios, electricistas, etc)<br>-Curso de capacitaci\u00f3n para dirigentes sindicales (formaci\u00f3n para directivos)<br>-Mantener las charlas de introducci\u00f3n al cooperativismo para nuevos ingresos (c\u00f3mo convivir diferentes generaciones en el mismo espacio f\u00edsico de forma armoniosa)<br>-Cuando las cooperativas se van a afiliar es necesario reforzar los servicios que ofrecen FECOVI.<br>-Movilidad interna y externa organizada desde FECOVI.<br>-Censo general de las cooperativas para poder hacer seguimiento (aspectos demogr\u00e1ficos, envejecimiento del padr\u00f3n y necesidades que van surgiendo)<br>-Generar informaci\u00f3n sistematizada de cooperativas habitadas para compartir con las nuevas.<br><br><strong>SUB GRUPO PLATAFORMA GREMIAL<\/strong><\/p>\n\n\n\n<p>A partir del an\u00e1lisis econ\u00f3mico presentado por la Ec. Mariana Garc\u00eda, se dialoga en el sub grupo sobre el posicionamiento que deber\u00eda tomar desde la Federaci\u00f3n ante este escenario adverso de recorte y privatizaci\u00f3n.<br>Varios participantes expresan la necesidad de que la Federaci\u00f3n tenga una pol\u00edtica de formaci\u00f3n para los dirigentes, enfocada en poder fomentar la participaci\u00f3n y movilizaci\u00f3n de los socios en el tiempo de crisis como el actual.<br>En este escenario se plantea la necesidad de:<\/p>\n\n\n\n<ul class=\"wp-block-list\"><li>Generar una plataforma de lucha de todo el movimiento cooperativo de usuarios por ahorro previo que incluir:<ul><li>2%<\/li><li>Colgamientos<\/li><li>Exoneraci\u00f3n de IVA a los materiales de la construcci\u00f3n<\/li><li>Anulaci\u00f3n de los art\u00edculos de la Ley De Urgencia Consideraci\u00f3n<\/li><\/ul><\/li><\/ul>\n\n\n\n<p>Si bien esto genera posiciones encontradas respecto a lo pol\u00edtico y lo pol\u00edtico partidario, se entiende que estos planteamientos si bien son pol\u00edticos, no deber\u00edan generar mayores inconvenientes ya que se circunscriben a cuestiones que hacen al movimiento cooperativo de vivienda.<br>Otro de los temas que se plantea, teniendo buena aceptaci\u00f3n, es el de realizar alianzas con todos los integrantes del movimiento para generar una Mesa de Vivienda que discuta los temas que nos referimos a todos, por ejemplo:<\/p>\n\n\n\n<ul class=\"wp-block-list\"><li>Acceso a tierras<\/li><li>Trabajar para lograr obtener nuevamente la seguridad en los tiempos, plazos, procedimientos y dem\u00e1s, respecto a los pr\u00e9stamos.<\/li><\/ul>\n\n\n\n<p>En el transcurso del plenario se plantea en reiteradas oportunidades la necesidad de que FECOVI trabaje en el fortalecimiento de la plataforma pol\u00edtica, y tambi\u00e9n que las bases del movimiento cooperativo se fortalezca.<br>Se necesita tambi\u00e9n que los cooperativistas compartan e intercambien la informaci\u00f3n que les llega y se comprometan en <strong>LA ACCION .<\/strong><\/p>\n\n\n\n<p>Posteriormente en el plenario se termin\u00f3 solicitando a la FEDERACION la convocatoria de una Asamblea Extraordinaria URGENTE para tomar posici\u00f3n sobre estos temas.<\/p>\n","protected":false},"excerpt":{"rendered":"<p>El d\u00eda s\u00e1bado 27 de noviembre, se llev\u00f3 a cabo el encuentro entre las Cooperativas afiliadas y la Federaci\u00f3n, a fin de poder intercambiar ideas y trabajar entre todos para &#8230;<\/p>\n","protected":false},"author":1,"featured_media":7381,"comment_status":"closed","ping_status":"closed","sticky":false,"template":"","format":"standard","meta":{"footnotes":""},"categories":[2],"tags":[],"class_list":["post-7379","post","type-post","status-publish","format-standard","has-post-thumbnail","hentry","category-noticias"],"_links":{"self":[{"href":"https:\/\/fecovi.coop\/web\/wp-json\/wp\/v2\/posts\/7379","targetHints":{"allow":["GET"]}}],"collection":[{"href":"https:\/\/fecovi.coop\/web\/wp-json\/wp\/v2\/posts"}],"about":[{"href":"https:\/\/fecovi.coop\/web\/wp-json\/wp\/v2\/types\/post"}],"author":[{"embeddable":true,"href":"https:\/\/fecovi.coop\/web\/wp-json\/wp\/v2\/users\/1"}],"replies":[{"embeddable":true,"href":"https:\/\/fecovi.coop\/web\/wp-json\/wp\/v2\/comments?post=7379"}],"version-history":[{"count":1,"href":"https:\/\/fecovi.coop\/web\/wp-json\/wp\/v2\/posts\/7379\/revisions"}],"predecessor-version":[{"id":7380,"href":"https:\/\/fecovi.coop\/web\/wp-json\/wp\/v2\/posts\/7379\/revisions\/7380"}],"wp:featuredmedia":[{"embeddable":true,"href":"https:\/\/fecovi.coop\/web\/wp-json\/wp\/v2\/media\/7381"}],"wp:attachment":[{"href":"https:\/\/fecovi.coop\/web\/wp-json\/wp\/v2\/media?parent=7379"}],"wp:term":[{"taxonomy":"category","embeddable":true,"href":"https:\/\/fecovi.coop\/web\/wp-json\/wp\/v2\/categories?post=7379"},{"taxonomy":"post_tag","embeddable":true,"href":"https:\/\/fecovi.coop\/web\/wp-json\/wp\/v2\/tags?post=7379"}],"curies":[{"name":"wp","href":"https:\/\/api.w.org\/{rel}","templated":true}]}}