{"id":7376,"date":"2021-12-06T19:24:45","date_gmt":"2021-12-06T19:24:45","guid":{"rendered":"https:\/\/fecovi.coop\/web\/?p=7376"},"modified":"2021-12-06T20:13:22","modified_gmt":"2021-12-06T20:13:22","slug":"visita-a-cooperativa-el-ladrillo","status":"publish","type":"post","link":"https:\/\/fecovi.coop\/web\/visita-a-cooperativa-el-ladrillo\/","title":{"rendered":"VISITA A COOPERATIVA EL LADRILLO"},"content":{"rendered":"\n<figure class=\"wp-block-gallery columns-2 is-cropped wp-block-gallery-1 is-layout-flex wp-block-gallery-is-layout-flex\"><ul class=\"blocks-gallery-grid\"><li class=\"blocks-gallery-item\"><figure><img loading=\"lazy\" decoding=\"async\" width=\"1024\" height=\"737\" src=\"https:\/\/fecovi.coop\/web\/wp-content\/uploads\/2021\/12\/IMG-20211201-WA0003-1-1024x737.jpg\" alt=\"\" data-id=\"7377\" data-full-url=\"https:\/\/fecovi.coop\/web\/wp-content\/uploads\/2021\/12\/IMG-20211201-WA0003-1.jpg\" data-link=\"https:\/\/fecovi.coop\/web\/2021\/12\/06\/visita-a-cooperativa-el-ladrillo\/img-20211201-wa0003-1\/\" class=\"wp-image-7377\" srcset=\"https:\/\/fecovi.coop\/web\/wp-content\/uploads\/2021\/12\/IMG-20211201-WA0003-1-1024x737.jpg 1024w, https:\/\/fecovi.coop\/web\/wp-content\/uploads\/2021\/12\/IMG-20211201-WA0003-1-300x216.jpg 300w, https:\/\/fecovi.coop\/web\/wp-content\/uploads\/2021\/12\/IMG-20211201-WA0003-1-768x553.jpg 768w, https:\/\/fecovi.coop\/web\/wp-content\/uploads\/2021\/12\/IMG-20211201-WA0003-1.jpg 1387w\" sizes=\"auto, (max-width: 1024px) 100vw, 1024px\" \/><\/figure><\/li><li class=\"blocks-gallery-item\"><figure><img loading=\"lazy\" decoding=\"async\" width=\"800\" height=\"698\" src=\"https:\/\/fecovi.coop\/web\/wp-content\/uploads\/2021\/12\/IMG-20211201-WA0004-1.jpg\" alt=\"\" data-id=\"7383\" data-full-url=\"https:\/\/fecovi.coop\/web\/wp-content\/uploads\/2021\/12\/IMG-20211201-WA0004-1.jpg\" data-link=\"https:\/\/fecovi.coop\/web\/2021\/12\/06\/visita-a-cooperativa-el-ladrillo\/img-20211201-wa0004-1\/\" class=\"wp-image-7383\" srcset=\"https:\/\/fecovi.coop\/web\/wp-content\/uploads\/2021\/12\/IMG-20211201-WA0004-1.jpg 800w, https:\/\/fecovi.coop\/web\/wp-content\/uploads\/2021\/12\/IMG-20211201-WA0004-1-300x262.jpg 300w, https:\/\/fecovi.coop\/web\/wp-content\/uploads\/2021\/12\/IMG-20211201-WA0004-1-768x670.jpg 768w\" sizes=\"auto, (max-width: 800px) 100vw, 800px\" \/><\/figure><\/li><li class=\"blocks-gallery-item\"><figure><img loading=\"lazy\" decoding=\"async\" width=\"800\" height=\"600\" src=\"https:\/\/fecovi.coop\/web\/wp-content\/uploads\/2021\/12\/IMG-20211201-WA0006.jpg\" alt=\"\" data-id=\"7384\" data-full-url=\"https:\/\/fecovi.coop\/web\/wp-content\/uploads\/2021\/12\/IMG-20211201-WA0006.jpg\" data-link=\"https:\/\/fecovi.coop\/web\/2021\/12\/06\/visita-a-cooperativa-el-ladrillo\/img-20211201-wa0006\/\" class=\"wp-image-7384\" srcset=\"https:\/\/fecovi.coop\/web\/wp-content\/uploads\/2021\/12\/IMG-20211201-WA0006.jpg 800w, https:\/\/fecovi.coop\/web\/wp-content\/uploads\/2021\/12\/IMG-20211201-WA0006-300x225.jpg 300w, https:\/\/fecovi.coop\/web\/wp-content\/uploads\/2021\/12\/IMG-20211201-WA0006-768x576.jpg 768w\" sizes=\"auto, (max-width: 800px) 100vw, 800px\" \/><\/figure><\/li><\/ul><\/figure>\n\n\n\n<p>El pasado martes 30 de noviembre el Consejo Directivo de la Federaci\u00f3n particip\u00f3 de la celebraci\u00f3n de los 25 a\u00f1os de la Cooperativa El Ladrillo.<\/p>\n\n\n\n<p>Esta cooperativa marc\u00f3 un hito en la historia del movimiento de cooperativas por ahorro previo, en tanto fue una de las primeras, junto a Cooperativa La Carreta y Coviapa PAYSAND\u00da en realizarse con el apoyo de Banco Cooperativo COFAC y Centro Cooperativo Sueco HSB, FECOVI y CUDECOOP en virtud de haberse formado en una \u00e9poca en que los pr\u00e9stamos para cooperativas por el sector p\u00fablico, estaban congelados.<br>Esta posibilidad permiti\u00f3 que 10 familias cooperativistas accedieran al sue\u00f1o de la vivienda colectiva.<\/p>\n\n\n\n<p>Celebramos entonces estos 25 a\u00f1os junto con varios integrantes fundadores de esta cooperativa, y otros que a lo largo de estos a\u00f1os se han ido incorporando a este grupo.<\/p>\n","protected":false},"excerpt":{"rendered":"<p>El pasado martes 30 de noviembre el Consejo Directivo de la Federaci\u00f3n particip\u00f3 de la celebraci\u00f3n de los 25 a\u00f1os de la Cooperativa El Ladrillo. Esta cooperativa marc\u00f3 un hito &#8230;<\/p>\n","protected":false},"author":1,"featured_media":7377,"comment_status":"closed","ping_status":"closed","sticky":false,"template":"","format":"standard","meta":{"footnotes":""},"categories":[2],"tags":[],"class_list":["post-7376","post","type-post","status-publish","format-standard","has-post-thumbnail","hentry","category-noticias"],"_links":{"self":[{"href":"https:\/\/fecovi.coop\/web\/wp-json\/wp\/v2\/posts\/7376","targetHints":{"allow":["GET"]}}],"collection":[{"href":"https:\/\/fecovi.coop\/web\/wp-json\/wp\/v2\/posts"}],"about":[{"href":"https:\/\/fecovi.coop\/web\/wp-json\/wp\/v2\/types\/post"}],"author":[{"embeddable":true,"href":"https:\/\/fecovi.coop\/web\/wp-json\/wp\/v2\/users\/1"}],"replies":[{"embeddable":true,"href":"https:\/\/fecovi.coop\/web\/wp-json\/wp\/v2\/comments?post=7376"}],"version-history":[{"count":2,"href":"https:\/\/fecovi.coop\/web\/wp-json\/wp\/v2\/posts\/7376\/revisions"}],"predecessor-version":[{"id":7386,"href":"https:\/\/fecovi.coop\/web\/wp-json\/wp\/v2\/posts\/7376\/revisions\/7386"}],"wp:featuredmedia":[{"embeddable":true,"href":"https:\/\/fecovi.coop\/web\/wp-json\/wp\/v2\/media\/7377"}],"wp:attachment":[{"href":"https:\/\/fecovi.coop\/web\/wp-json\/wp\/v2\/media?parent=7376"}],"wp:term":[{"taxonomy":"category","embeddable":true,"href":"https:\/\/fecovi.coop\/web\/wp-json\/wp\/v2\/categories?post=7376"},{"taxonomy":"post_tag","embeddable":true,"href":"https:\/\/fecovi.coop\/web\/wp-json\/wp\/v2\/tags?post=7376"}],"curies":[{"name":"wp","href":"https:\/\/api.w.org\/{rel}","templated":true}]}}