{"id":7366,"date":"2021-12-06T19:33:49","date_gmt":"2021-12-06T19:33:49","guid":{"rendered":"https:\/\/fecovi.coop\/web\/?p=7366"},"modified":"2021-12-06T20:50:53","modified_gmt":"2021-12-06T20:50:53","slug":"convocatoria-asamblea-general-extraordinaria","status":"publish","type":"post","link":"https:\/\/fecovi.coop\/web\/convocatoria-asamblea-general-extraordinaria\/","title":{"rendered":"CONVOCATORIA ASAMBLEA GENERAL EXTRAORDINARIA"},"content":{"rendered":"\n<p>Estimados:Enviamos Convocatoria a Asamblea General Extraordinaria a realizarse el d\u00eda <strong><u>mi\u00e9rcoles 15 de diciembre en&nbsp; Canelones 990. Primer llamado 19:00 hs, segundo llamado 19:30 hs.<\/u><\/strong><br><strong>ORDEN DEL D\u00cdA:<\/strong><\/p>\n\n\n\n<ol class=\"wp-block-list\"><li>Aprobaci\u00f3n del acta anterior.<\/li><li>Plataforma Gremial de la Federaci\u00f3n, donde se tratar\u00e1:<\/li><\/ol>\n\n\n\n<ul class=\"wp-block-list\"><li>Situaci\u00f3n de financiaci\u00f3n para cooperativas (Informe Ec. Mariana Garc\u00eda Coop COMUNA)<\/li><li>Baja del inter\u00e9s al 2%<\/li><li>Exoneraci\u00f3n de IVA a materiales de la construcci\u00f3n<\/li><li>Colgamentos<\/li><\/ul>\n\n\n\n<p>3. Posici\u00f3n a tomar por parte de la Federaci\u00f3n ante la LUC.<\/p>\n\n\n\n<p><strong>Consejo Directivo<\/strong>Solicitamos confirmar asistencia y enviar nota de representaci\u00f3n a <a rel=\"noreferrer noopener\" href=\"mailto:administracion@fecovi.coop\" target=\"_blank\">administracion@fecovi.coop<\/a><\/p>\n\n\n\n<hr class=\"wp-block-separator\"\/>\n\n\n\n<div class=\"wp-block-file aligncenter\"><a href=\"https:\/\/fecovi.coop\/web\/wp-content\/uploads\/2021\/12\/CONVOCATORIA-A-ASAMBLEA-GENERAL-EXTRAORDINARIA.pdf\" target=\"_blank\" rel=\"noreferrer noopener\">CONVOCATORIA-A-ASAMBLEA-GENERAL-EXTRAORDINARIA<\/a><\/div>\n\n\n\n<hr class=\"wp-block-separator\"\/>\n","protected":false},"excerpt":{"rendered":"<p>Estimados:Enviamos Convocatoria a Asamblea General Extraordinaria a realizarse el d\u00eda mi\u00e9rcoles 15 de diciembre en&nbsp; Canelones 990. Primer llamado 19:00 hs, segundo llamado 19:30 hs.ORDEN DEL D\u00cdA: Aprobaci\u00f3n del acta &#8230;<\/p>\n","protected":false},"author":1,"featured_media":7401,"comment_status":"closed","ping_status":"closed","sticky":false,"template":"","format":"standard","meta":{"footnotes":""},"categories":[2],"tags":[],"class_list":["post-7366","post","type-post","status-publish","format-standard","has-post-thumbnail","hentry","category-noticias"],"_links":{"self":[{"href":"https:\/\/fecovi.coop\/web\/wp-json\/wp\/v2\/posts\/7366","targetHints":{"allow":["GET"]}}],"collection":[{"href":"https:\/\/fecovi.coop\/web\/wp-json\/wp\/v2\/posts"}],"about":[{"href":"https:\/\/fecovi.coop\/web\/wp-json\/wp\/v2\/types\/post"}],"author":[{"embeddable":true,"href":"https:\/\/fecovi.coop\/web\/wp-json\/wp\/v2\/users\/1"}],"replies":[{"embeddable":true,"href":"https:\/\/fecovi.coop\/web\/wp-json\/wp\/v2\/comments?post=7366"}],"version-history":[{"count":6,"href":"https:\/\/fecovi.coop\/web\/wp-json\/wp\/v2\/posts\/7366\/revisions"}],"predecessor-version":[{"id":7394,"href":"https:\/\/fecovi.coop\/web\/wp-json\/wp\/v2\/posts\/7366\/revisions\/7394"}],"wp:featuredmedia":[{"embeddable":true,"href":"https:\/\/fecovi.coop\/web\/wp-json\/wp\/v2\/media\/7401"}],"wp:attachment":[{"href":"https:\/\/fecovi.coop\/web\/wp-json\/wp\/v2\/media?parent=7366"}],"wp:term":[{"taxonomy":"category","embeddable":true,"href":"https:\/\/fecovi.coop\/web\/wp-json\/wp\/v2\/categories?post=7366"},{"taxonomy":"post_tag","embeddable":true,"href":"https:\/\/fecovi.coop\/web\/wp-json\/wp\/v2\/tags?post=7366"}],"curies":[{"name":"wp","href":"https:\/\/api.w.org\/{rel}","templated":true}]}}