{"id":7364,"date":"2021-12-06T19:21:28","date_gmt":"2021-12-06T19:21:28","guid":{"rendered":"https:\/\/fecovi.coop\/web\/?p=7364"},"modified":"2021-12-06T20:12:29","modified_gmt":"2021-12-06T20:12:29","slug":"nosotras-y-la-ciudad-urbanismo-feminista","status":"publish","type":"post","link":"https:\/\/fecovi.coop\/web\/nosotras-y-la-ciudad-urbanismo-feminista\/","title":{"rendered":"NOSOTRAS Y LA CIUDAD URBANISMO FEMINISTA"},"content":{"rendered":"\n<div class=\"wp-block-image\"><figure class=\"aligncenter size-full\"><img loading=\"lazy\" decoding=\"async\" width=\"560\" height=\"282\" src=\"https:\/\/fecovi.coop\/web\/wp-content\/uploads\/2021\/12\/nosotras.jpg\" alt=\"\" class=\"wp-image-7367\" srcset=\"https:\/\/fecovi.coop\/web\/wp-content\/uploads\/2021\/12\/nosotras.jpg 560w, https:\/\/fecovi.coop\/web\/wp-content\/uploads\/2021\/12\/nosotras-300x150.jpg 300w\" sizes=\"auto, (max-width: 560px) 100vw, 560px\" \/><\/figure><\/div>\n\n\n\n<p>En el marco de una nueva conmemoraci\u00f3n del D\u00eda Internacional de la Eliminaci\u00f3n de la Violencia contra las Mujeres (25 de noviembre) FECOVI organiz\u00f3 un nuevo conversatorio virtual para discutir y reflexionar junto a las cooperativas de vivienda sobre el Urbanismo Feminista.<\/p>\n\n\n\n<p>En ese sentido se convoc\u00f3 a disertar a las Arquitectas Ana Fal\u00fa y Silvana Pisano (Alcaldesa del Municipio B), siendo la moderadora la Dra. Claudia Di Lisio. El Prop\u00f3sito de esta actividad fue dialogar sobre el urbanismo y la planificaci\u00f3n de las ciudades desde la perspectiva de g\u00e9nero.<\/p>\n\n\n\n<p>La disertaci\u00f3n de la Arquitecta Fal\u00fa estuvo centrada entre otros aspectos, en la dimensi\u00f3n simb\u00f3lica que da cuenta de la violencia hacia las mujeres en relaci\u00f3n a su derecho de habitar las ciudades.<\/p>\n\n\n\n<p>En este sentido, enunci\u00f3 que en el mundo de hoy no es nuevo que las mujeres siguen estando disminuidas y subordinadas al orden androc\u00e9ntrico que rige las sociedades. Ya no alcanza hablar de desigualdad en nuestra sociedad, y por tanto pasamos a una categor\u00eda superior que nos obligar\u00eda a hablar de SUJETOS OMITIDOS, y en esa categor\u00eda encontramos a las mujeres. Debemos replantearnos la forma en que los ciudadanos habitamos las ciudades, a convivencia en la ciudad, en los barrios y en las casas, son siempre diferentes y no es lo mismo vivir en una ciudad, que en un barrio con carencias de servicios.<\/p>\n\n\n\n<p>En relaci\u00f3n a la pregunta disparadora del conversatorio sobre si es posible pensar el urbanismo con lentes de g\u00e9nero, expresa que cuando hablamos del derecho de las mujeres a habitar las ciudades, las mujeres sabemos que somos diferentes pero no queremos ser DESIGUALES.<\/p>\n\n\n\n<p>Por su parte la Alcaldesa Arq. Silvana Pisano destac\u00f3 los avances que en nuestro pa\u00eds se est\u00e1n realizando en torno a estas desigualdades de las que habl\u00f3 Fal\u00fa, remarcando como ejemplo la Ley de doble titularidad en el sistema cooperativo.<br>Dijo que el problema de la violencia puertas abiertas es una cuesti\u00f3n p\u00fablica ya que entre otras cosas, muchas mujeres no pueden salir de una vida de violencia cuando no tienen una salida factible en lo habitacional, por eso es importante este nuevo escenario que se est\u00e1 planteando con la doble titularidad, que es una lucha de las mujeres organizadas del movimiento cooperativo.<\/p>\n\n\n\n<p>Tambi\u00e9n expres\u00f3 que el derecho a habitar la ciudad refiere al lugar en donde est\u00e1 inserta la vivienda, la proximidad, la autonom\u00eda que conlleva la percepci\u00f3n de la seguridad, ya que sin ella no es posible la autonom\u00eda, por ello es trascendental determinar ese lugar y que eso permita acceso a servicios y a la ciudad desde un pie de igualdad.<\/p>\n\n\n\n<p>Para finalizar mencion\u00f3 algunos proyectos en los que est\u00e1n trabajando desde el Municipio B como ser CO Viviendas Feministas (recuperaci\u00f3n de fincas abandonadas en lugares centrales de la ciudad), vivienda transitoria para mujeres que salen de v\u00ednculos violentos, plan de cuidados municipal, que intenta realizar una construcci\u00f3n desde la base, la inter dependencia social, la interrelaci\u00f3n entre los espacios, y poner a los cuidados como un paradigma de la vida.<\/p>\n\n\n\n<p>La actividad se cerr\u00f3 con la s\u00edntesis de relator\u00eda realizada por la Dra. Claudia De Lisio.<\/p>\n","protected":false},"excerpt":{"rendered":"<p>En el marco de una nueva conmemoraci\u00f3n del D\u00eda Internacional de la Eliminaci\u00f3n de la Violencia contra las Mujeres (25 de noviembre) FECOVI organiz\u00f3 un nuevo conversatorio virtual para discutir &#8230;<\/p>\n","protected":false},"author":1,"featured_media":7367,"comment_status":"closed","ping_status":"closed","sticky":false,"template":"","format":"standard","meta":{"footnotes":""},"categories":[2],"tags":[],"class_list":["post-7364","post","type-post","status-publish","format-standard","has-post-thumbnail","hentry","category-noticias"],"_links":{"self":[{"href":"https:\/\/fecovi.coop\/web\/wp-json\/wp\/v2\/posts\/7364","targetHints":{"allow":["GET"]}}],"collection":[{"href":"https:\/\/fecovi.coop\/web\/wp-json\/wp\/v2\/posts"}],"about":[{"href":"https:\/\/fecovi.coop\/web\/wp-json\/wp\/v2\/types\/post"}],"author":[{"embeddable":true,"href":"https:\/\/fecovi.coop\/web\/wp-json\/wp\/v2\/users\/1"}],"replies":[{"embeddable":true,"href":"https:\/\/fecovi.coop\/web\/wp-json\/wp\/v2\/comments?post=7364"}],"version-history":[{"count":2,"href":"https:\/\/fecovi.coop\/web\/wp-json\/wp\/v2\/posts\/7364\/revisions"}],"predecessor-version":[{"id":7368,"href":"https:\/\/fecovi.coop\/web\/wp-json\/wp\/v2\/posts\/7364\/revisions\/7368"}],"wp:featuredmedia":[{"embeddable":true,"href":"https:\/\/fecovi.coop\/web\/wp-json\/wp\/v2\/media\/7367"}],"wp:attachment":[{"href":"https:\/\/fecovi.coop\/web\/wp-json\/wp\/v2\/media?parent=7364"}],"wp:term":[{"taxonomy":"category","embeddable":true,"href":"https:\/\/fecovi.coop\/web\/wp-json\/wp\/v2\/categories?post=7364"},{"taxonomy":"post_tag","embeddable":true,"href":"https:\/\/fecovi.coop\/web\/wp-json\/wp\/v2\/tags?post=7364"}],"curies":[{"name":"wp","href":"https:\/\/api.w.org\/{rel}","templated":true}]}}