{"id":7306,"date":"2021-11-17T23:42:41","date_gmt":"2021-11-17T23:42:41","guid":{"rendered":"https:\/\/fecovi.coop\/web\/?p=7306"},"modified":"2021-11-17T23:42:43","modified_gmt":"2021-11-17T23:42:43","slug":"conferencia-regional-aci","status":"publish","type":"post","link":"https:\/\/fecovi.coop\/web\/conferencia-regional-aci\/","title":{"rendered":"CONFERENCIA REGIONAL ACI"},"content":{"rendered":"\n<figure class=\"wp-block-image size-full\"><img loading=\"lazy\" decoding=\"async\" width=\"800\" height=\"451\" src=\"https:\/\/fecovi.coop\/web\/wp-content\/uploads\/2021\/11\/1.png\" alt=\"\" class=\"wp-image-7307\" srcset=\"https:\/\/fecovi.coop\/web\/wp-content\/uploads\/2021\/11\/1.png 800w, https:\/\/fecovi.coop\/web\/wp-content\/uploads\/2021\/11\/1-300x169.png 300w, https:\/\/fecovi.coop\/web\/wp-content\/uploads\/2021\/11\/1-768x433.png 768w\" sizes=\"auto, (max-width: 800px) 100vw, 800px\" \/><\/figure>\n\n\n\n<p>El pasado 4 y 5 de noviembre se desarroll\u00f3 la XXII Conferencia Regional de Cooperativa de las Am\u00e9ricas. FECOVI particip\u00f3 a trav\u00e9s de los Directivos Hugo Monta\u00f1o y Luis LLorca, quienes pusieron especial atenci\u00f3n a las experiencias cooperativas de otras latitudes para tomar ideas que puedan enriquecer al modelo uruguayo, que en materia de vivienda, sigue siendo de los m\u00e1s desarrollados de Am\u00e9rica.<\/p>\n","protected":false},"excerpt":{"rendered":"<p>El pasado 4 y 5 de noviembre se desarroll\u00f3 la XXII Conferencia Regional de Cooperativa de las Am\u00e9ricas. FECOVI particip\u00f3 a trav\u00e9s de los Directivos Hugo Monta\u00f1o y Luis LLorca, &#8230;<\/p>\n","protected":false},"author":1,"featured_media":7307,"comment_status":"closed","ping_status":"closed","sticky":false,"template":"","format":"standard","meta":{"footnotes":""},"categories":[2],"tags":[],"class_list":["post-7306","post","type-post","status-publish","format-standard","has-post-thumbnail","hentry","category-noticias"],"_links":{"self":[{"href":"https:\/\/fecovi.coop\/web\/wp-json\/wp\/v2\/posts\/7306","targetHints":{"allow":["GET"]}}],"collection":[{"href":"https:\/\/fecovi.coop\/web\/wp-json\/wp\/v2\/posts"}],"about":[{"href":"https:\/\/fecovi.coop\/web\/wp-json\/wp\/v2\/types\/post"}],"author":[{"embeddable":true,"href":"https:\/\/fecovi.coop\/web\/wp-json\/wp\/v2\/users\/1"}],"replies":[{"embeddable":true,"href":"https:\/\/fecovi.coop\/web\/wp-json\/wp\/v2\/comments?post=7306"}],"version-history":[{"count":1,"href":"https:\/\/fecovi.coop\/web\/wp-json\/wp\/v2\/posts\/7306\/revisions"}],"predecessor-version":[{"id":7308,"href":"https:\/\/fecovi.coop\/web\/wp-json\/wp\/v2\/posts\/7306\/revisions\/7308"}],"wp:featuredmedia":[{"embeddable":true,"href":"https:\/\/fecovi.coop\/web\/wp-json\/wp\/v2\/media\/7307"}],"wp:attachment":[{"href":"https:\/\/fecovi.coop\/web\/wp-json\/wp\/v2\/media?parent=7306"}],"wp:term":[{"taxonomy":"category","embeddable":true,"href":"https:\/\/fecovi.coop\/web\/wp-json\/wp\/v2\/categories?post=7306"},{"taxonomy":"post_tag","embeddable":true,"href":"https:\/\/fecovi.coop\/web\/wp-json\/wp\/v2\/tags?post=7306"}],"curies":[{"name":"wp","href":"https:\/\/api.w.org\/{rel}","templated":true}]}}