{"id":7252,"date":"2021-10-28T15:21:35","date_gmt":"2021-10-28T15:21:35","guid":{"rendered":"https:\/\/fecovi.coop\/web\/?p=7252"},"modified":"2021-10-29T12:26:04","modified_gmt":"2021-10-29T12:26:04","slug":"comunicado-cooperativa-27-de-marzo","status":"publish","type":"post","link":"https:\/\/fecovi.coop\/web\/comunicado-cooperativa-27-de-marzo\/","title":{"rendered":"CUPOS DISPONIBLES COOPERATIVA 27 DE MARZO"},"content":{"rendered":"\n<p><strong>\u00bfQui\u00e9nes somos?<\/strong><\/p>\n\n\n\n<p>Somos 27 de Marzo, Cooperativa de Viviendas de Usuarios perteneciente al r\u00e9gimen de Ahorro Previo<br>En el sistema de ahorro previo las y los cooperativistas hacemos nuestro aporte en dinero y no en mano de obra.<br>La cooperativa da sus primeros pasos en el a\u00f1o 2015, y tenemos un importante camino recorrido:<\/p>\n\n\n\n<ul class=\"wp-block-list\"><li>El terreno ya es de la cooperativa y est\u00e1 ubicado en Avda. Mariano Estap\u00e9 (continuaci\u00f3n de Centenario) 4935 entre Areco y<br>Besares<\/li><li>Tenemos el proyecto aprobado por los organismos competentes.<\/li><li>Se construir\u00e1n 37 apartamentos en un edificio de 6 pisos con ascensor, que contar\u00e1 adem\u00e1s con sal\u00f3n comunal, espacios<br>comunes y cocheras.<\/li><li>Este a\u00f1o participaremos del segundo sorteo de la ANV<br><br><strong>\u00bfQui\u00e9nes pueden ingresar a la cooperativa?<\/strong><br><br>Todas las personas mayores de edad que no posean otra vivienda y que se comprometan con los valores y principios del cooperativismo.<br>Es necesario que el n\u00facleo familiar se pueda comprometer al pago mensual de la cuota de ahorro previo.<\/li><\/ul>\n\n\n\n<p class=\"has-text-align-center\"><br><strong>\u00a1\u00a1\u00a1 Animate a concretar el sue\u00f1o de la vivienda para ti y tu familia !!!<\/strong><br>Contactanos para recibir m\u00e1s informaci\u00f3n<\/p>\n\n\n\n<div class=\"wp-block-image\"><figure class=\"aligncenter size-full\"><img loading=\"lazy\" decoding=\"async\" width=\"700\" height=\"1022\" src=\"https:\/\/fecovi.coop\/web\/wp-content\/uploads\/2021\/10\/folleto-27M.gif\" alt=\"\" class=\"wp-image-7254\"\/><\/figure><\/div>\n","protected":false},"excerpt":{"rendered":"<p>\u00bfQui\u00e9nes somos? Somos 27 de Marzo, Cooperativa de Viviendas de Usuarios perteneciente al r\u00e9gimen de Ahorro PrevioEn el sistema de ahorro previo las y los cooperativistas hacemos nuestro aporte en &#8230;<\/p>\n","protected":false},"author":1,"featured_media":7254,"comment_status":"closed","ping_status":"closed","sticky":false,"template":"","format":"standard","meta":{"footnotes":""},"categories":[2],"tags":[],"class_list":["post-7252","post","type-post","status-publish","format-standard","has-post-thumbnail","hentry","category-noticias"],"_links":{"self":[{"href":"https:\/\/fecovi.coop\/web\/wp-json\/wp\/v2\/posts\/7252","targetHints":{"allow":["GET"]}}],"collection":[{"href":"https:\/\/fecovi.coop\/web\/wp-json\/wp\/v2\/posts"}],"about":[{"href":"https:\/\/fecovi.coop\/web\/wp-json\/wp\/v2\/types\/post"}],"author":[{"embeddable":true,"href":"https:\/\/fecovi.coop\/web\/wp-json\/wp\/v2\/users\/1"}],"replies":[{"embeddable":true,"href":"https:\/\/fecovi.coop\/web\/wp-json\/wp\/v2\/comments?post=7252"}],"version-history":[{"count":3,"href":"https:\/\/fecovi.coop\/web\/wp-json\/wp\/v2\/posts\/7252\/revisions"}],"predecessor-version":[{"id":7257,"href":"https:\/\/fecovi.coop\/web\/wp-json\/wp\/v2\/posts\/7252\/revisions\/7257"}],"wp:featuredmedia":[{"embeddable":true,"href":"https:\/\/fecovi.coop\/web\/wp-json\/wp\/v2\/media\/7254"}],"wp:attachment":[{"href":"https:\/\/fecovi.coop\/web\/wp-json\/wp\/v2\/media?parent=7252"}],"wp:term":[{"taxonomy":"category","embeddable":true,"href":"https:\/\/fecovi.coop\/web\/wp-json\/wp\/v2\/categories?post=7252"},{"taxonomy":"post_tag","embeddable":true,"href":"https:\/\/fecovi.coop\/web\/wp-json\/wp\/v2\/tags?post=7252"}],"curies":[{"name":"wp","href":"https:\/\/api.w.org\/{rel}","templated":true}]}}