{"id":7135,"date":"2021-09-14T22:05:06","date_gmt":"2021-09-14T22:05:06","guid":{"rendered":"https:\/\/fecovi.coop\/web\/?p=7135"},"modified":"2021-09-14T22:58:03","modified_gmt":"2021-09-14T22:58:03","slug":"el-prado-de-fiesta-coviprada-concreto-su-sueno","status":"publish","type":"post","link":"https:\/\/fecovi.coop\/web\/el-prado-de-fiesta-coviprada-concreto-su-sueno\/","title":{"rendered":"\u00a1EL PRADO DE FIESTA, COVIPRADA CONCRET\u00d3 SU SUE\u00d1O!"},"content":{"rendered":"\n<h3 class=\"wp-block-heading\">El pasado domingo 12 inaugur\u00f3 su obra la COOPERATIVA COVIPRADA.<\/h3>\n\n\n\n<p>Realizada con el esfuerzo de 32 familias provenientes del sindicato de obreros municipales de Montevideo, COVIPRADA inici\u00f3 su obra en el a\u00f1o 2019 y hoy es una realidad. <br>Cont\u00f3 con el asesoramiento del IAT HACERDESUR y el apoyo de FECOVI a trav\u00e9s de su directiva y equipos t\u00e9cnicos.<\/p>\n\n\n\n<p>En la fiesta de inauguraci\u00f3n se hizo presente la Sra. Intendenta de Montevideo Ing. Carolina Cosse quien destac\u00f3 el esfuerzo de las familias cooperativistas, al tiempo que reafirm\u00f3 el compromiso de la Intendencia de Montevideo en seguir apoyando al sistema cooperativo de vivienda. Acompa\u00f1\u00f3 a la Intendenta el Director de la Divisi\u00f3n Tierras y H\u00e1bitat Ec. Sebasti\u00e1n Moreno.<br>Las familias cooperativistas no ocultaron su alegr\u00eda, emoci\u00f3n y compromiso con el sistema, que fue resumido por el Presidente de la Cooperativa quien sentenci\u00f3: \u00abvolver\u00edamos a hacerla de nuevo\u00bb .<\/p>\n\n\n\n<p>El Presidente de FECOVI Ricardo Pisciottano felicit\u00f3 a quienes se la juegan y apuestan a lo colectivo frente al individualismo, al tiempo que record\u00f3 los temas que siguen pendientes de resoluci\u00f3n como el 2% para los pr\u00e9stamos, los sorteos y los cronogramas para el quinquenio.<\/p>\n\n\n\n<p>La jornada cerr\u00f3 con el show de Mariano Berm\u00fadez y su banda que puso a todos los presentes a bailar, dando rienda suelta a la alegr\u00eda.<\/p>\n\n\n\n[Best_Wordpress_Gallery id=\u00bb3&#8243; gal_title=\u00bbCoviprada\u00bb]\n","protected":false},"excerpt":{"rendered":"<p>El pasado domingo 12 inaugur\u00f3 su obra la COOPERATIVA COVIPRADA. Realizada con el esfuerzo de 32 familias provenientes del sindicato de obreros municipales de Montevideo, COVIPRADA inici\u00f3 su obra en &#8230;<\/p>\n","protected":false},"author":1,"featured_media":7142,"comment_status":"closed","ping_status":"closed","sticky":false,"template":"","format":"standard","meta":{"footnotes":""},"categories":[2],"tags":[],"class_list":["post-7135","post","type-post","status-publish","format-standard","has-post-thumbnail","hentry","category-noticias"],"_links":{"self":[{"href":"https:\/\/fecovi.coop\/web\/wp-json\/wp\/v2\/posts\/7135","targetHints":{"allow":["GET"]}}],"collection":[{"href":"https:\/\/fecovi.coop\/web\/wp-json\/wp\/v2\/posts"}],"about":[{"href":"https:\/\/fecovi.coop\/web\/wp-json\/wp\/v2\/types\/post"}],"author":[{"embeddable":true,"href":"https:\/\/fecovi.coop\/web\/wp-json\/wp\/v2\/users\/1"}],"replies":[{"embeddable":true,"href":"https:\/\/fecovi.coop\/web\/wp-json\/wp\/v2\/comments?post=7135"}],"version-history":[{"count":4,"href":"https:\/\/fecovi.coop\/web\/wp-json\/wp\/v2\/posts\/7135\/revisions"}],"predecessor-version":[{"id":7145,"href":"https:\/\/fecovi.coop\/web\/wp-json\/wp\/v2\/posts\/7135\/revisions\/7145"}],"wp:featuredmedia":[{"embeddable":true,"href":"https:\/\/fecovi.coop\/web\/wp-json\/wp\/v2\/media\/7142"}],"wp:attachment":[{"href":"https:\/\/fecovi.coop\/web\/wp-json\/wp\/v2\/media?parent=7135"}],"wp:term":[{"taxonomy":"category","embeddable":true,"href":"https:\/\/fecovi.coop\/web\/wp-json\/wp\/v2\/categories?post=7135"},{"taxonomy":"post_tag","embeddable":true,"href":"https:\/\/fecovi.coop\/web\/wp-json\/wp\/v2\/tags?post=7135"}],"curies":[{"name":"wp","href":"https:\/\/api.w.org\/{rel}","templated":true}]}}