{"id":7077,"date":"2021-08-25T20:34:34","date_gmt":"2021-08-25T20:34:34","guid":{"rendered":"https:\/\/fecovi.coop\/web\/?p=7077"},"modified":"2021-08-25T20:38:36","modified_gmt":"2021-08-25T20:38:36","slug":"hasta-siempre-companero-alex","status":"publish","type":"post","link":"https:\/\/fecovi.coop\/web\/hasta-siempre-companero-alex\/","title":{"rendered":"Hasta siempre compa\u00f1ero \u00c1lex"},"content":{"rendered":"\n<p>En la madrugada de hoy falleci\u00f3 nuestro compa\u00f1ero \u00c1lex de \u00c1lava.<br>\u00c1lex dedic\u00f3 m\u00e1s de una d\u00e9cada a militar en forma ininterrumpida por FECOVI, habiendo ejercido su Presidencia ocupando actualmente la vicepresidencia.<\/p>\n\n\n\n<p>Defendi\u00f3 con firmeza e ilustrada argumentaci\u00f3n a nuestras Cooperativas en cada lugar que le toc\u00f3 participar, y nos obsequi\u00f3 generosamente sus conocimientos e intelectualidad.<\/p>\n\n\n\n<p>Volver\u00e1 a la Federaci\u00f3n en cada cita de Borges que alguien, correctamente, pronuncie.<\/p>\n\n\n\n<hr class=\"wp-block-separator\"\/>\n\n\n\n<h2 class=\"has-text-align-center has-vivid-cyan-blue-color has-white-background-color has-text-color has-background wp-block-heading\">Hasta siempre compa\u00f1ero \u00c1lex, te vamos a extra\u00f1ar.<\/h2>\n\n\n\n<hr class=\"wp-block-separator\"\/>\n\n\n\n<p><\/p>\n","protected":false},"excerpt":{"rendered":"<p>En la madrugada de hoy falleci\u00f3 nuestro compa\u00f1ero \u00c1lex de \u00c1lava.\u00c1lex dedic\u00f3 m\u00e1s de una d\u00e9cada a militar en forma ininterrumpida por FECOVI, habiendo ejercido su Presidencia ocupando actualmente la &#8230;<\/p>\n","protected":false},"author":1,"featured_media":7079,"comment_status":"closed","ping_status":"closed","sticky":false,"template":"","format":"standard","meta":{"footnotes":""},"categories":[2],"tags":[],"class_list":["post-7077","post","type-post","status-publish","format-standard","has-post-thumbnail","hentry","category-noticias"],"_links":{"self":[{"href":"https:\/\/fecovi.coop\/web\/wp-json\/wp\/v2\/posts\/7077","targetHints":{"allow":["GET"]}}],"collection":[{"href":"https:\/\/fecovi.coop\/web\/wp-json\/wp\/v2\/posts"}],"about":[{"href":"https:\/\/fecovi.coop\/web\/wp-json\/wp\/v2\/types\/post"}],"author":[{"embeddable":true,"href":"https:\/\/fecovi.coop\/web\/wp-json\/wp\/v2\/users\/1"}],"replies":[{"embeddable":true,"href":"https:\/\/fecovi.coop\/web\/wp-json\/wp\/v2\/comments?post=7077"}],"version-history":[{"count":3,"href":"https:\/\/fecovi.coop\/web\/wp-json\/wp\/v2\/posts\/7077\/revisions"}],"predecessor-version":[{"id":7082,"href":"https:\/\/fecovi.coop\/web\/wp-json\/wp\/v2\/posts\/7077\/revisions\/7082"}],"wp:featuredmedia":[{"embeddable":true,"href":"https:\/\/fecovi.coop\/web\/wp-json\/wp\/v2\/media\/7079"}],"wp:attachment":[{"href":"https:\/\/fecovi.coop\/web\/wp-json\/wp\/v2\/media?parent=7077"}],"wp:term":[{"taxonomy":"category","embeddable":true,"href":"https:\/\/fecovi.coop\/web\/wp-json\/wp\/v2\/categories?post=7077"},{"taxonomy":"post_tag","embeddable":true,"href":"https:\/\/fecovi.coop\/web\/wp-json\/wp\/v2\/tags?post=7077"}],"curies":[{"name":"wp","href":"https:\/\/api.w.org\/{rel}","templated":true}]}}