{"id":7036,"date":"2021-08-10T21:22:15","date_gmt":"2021-08-10T21:22:15","guid":{"rendered":"https:\/\/fecovi.coop\/web\/?p=7036"},"modified":"2021-08-10T22:21:43","modified_gmt":"2021-08-10T22:21:43","slug":"apertura-de-la-sede-y-funcionamiento-de-servicios","status":"publish","type":"post","link":"https:\/\/fecovi.coop\/web\/apertura-de-la-sede-y-funcionamiento-de-servicios\/","title":{"rendered":"APERTURA DE LA SEDE Y FUNCIONAMIENTO DE SERVICIOS"},"content":{"rendered":"\n<p>Comunicamos que la Federaci\u00f3n se encuentra con sus puertas abiertas en el horario habitual, de lunes a viernes de 14:00 a 21:30 hs.<\/p>\n\n\n\n<p>Bajo los cuidados pertinentes y tomando prevenci\u00f3n sanitaria, se ha resuelto agendar reuniones de comisiones y asambleas bajo los siguientes t\u00e9rminos:<\/p>\n\n\n\n<p>Contamos con 2 salones diarios habilitados, uno con capacidad de 25 personas m\u00e1ximo, otro con capacidad para 12 personas.<\/p>\n\n\n\n<p>\u00b7&nbsp;&nbsp;&nbsp;&nbsp;&nbsp;&nbsp;&nbsp;&nbsp; Reservar v\u00eda mail o telef\u00f3nicamente con una semana de anticipaci\u00f3n.<\/p>\n\n\n\n<p>\u00b7&nbsp;&nbsp;&nbsp;&nbsp;&nbsp;&nbsp;&nbsp;&nbsp; Deber\u00e1n informar la hora de ingreso y salida, de modo que podamos organizar que los horarios de entrada y salida no coincidan entre las reservas &nbsp;de ambos&nbsp; &nbsp; &nbsp; &nbsp; salones.<\/p>\n\n\n\n<p>\u00b7&nbsp;&nbsp;&nbsp;&nbsp;&nbsp;&nbsp;&nbsp;&nbsp; Deber\u00e1n informar la cantidad de socios a participar.<\/p>\n\n\n\n<p>\u00b7&nbsp;&nbsp;&nbsp;&nbsp;&nbsp;&nbsp;&nbsp;&nbsp; Todos sin excepci\u00f3n deber\u00e1n asistir con tapabocas y respetar las distancias marcadas en cada sal\u00f3n, sin posibilidad de mover las sillas.<\/p>\n\n\n\n<p><strong>19 Y 20 DE AGOSTO, HORARIOS ESPECIALES:<\/strong><\/p>\n\n\n\n<p>Por razones administrativas el d\u00eda 19 de agosto la sede cerrar\u00e1 a las 20 horas y el d\u00eda 20 funcionar\u00e1 de 15 a 18 horas.<\/p>\n\n\n\n<p><strong>COORDINACI\u00d3N PREVIA<\/strong><\/p>\n\n\n\n<p>Para realizar consultas con el \u00e1rea social, econom\u00eda, contable, jur\u00eddica o arquitectura se debe coordinar previamente d\u00eda y hora.<\/p>\n\n\n\n<p>ZOOM DISPONIBLE<\/p>\n\n\n\n<p>Recordamos que contamos con licencias de zoom para uso de las cooperativas. Pueden ser solicitadas por correo electr\u00f3nico a <a href=\"mailto:administracio@fecovi.coop\">administracio@fecovi.coop<\/a><\/p>\n","protected":false},"excerpt":{"rendered":"<p>Comunicamos que la Federaci\u00f3n se encuentra con sus puertas abiertas en el horario habitual, de lunes a viernes de 14:00 a 21:30 hs. Bajo los cuidados pertinentes y tomando prevenci\u00f3n &#8230;<\/p>\n","protected":false},"author":1,"featured_media":7038,"comment_status":"closed","ping_status":"closed","sticky":false,"template":"","format":"standard","meta":{"footnotes":""},"categories":[2],"tags":[],"class_list":["post-7036","post","type-post","status-publish","format-standard","has-post-thumbnail","hentry","category-noticias"],"_links":{"self":[{"href":"https:\/\/fecovi.coop\/web\/wp-json\/wp\/v2\/posts\/7036","targetHints":{"allow":["GET"]}}],"collection":[{"href":"https:\/\/fecovi.coop\/web\/wp-json\/wp\/v2\/posts"}],"about":[{"href":"https:\/\/fecovi.coop\/web\/wp-json\/wp\/v2\/types\/post"}],"author":[{"embeddable":true,"href":"https:\/\/fecovi.coop\/web\/wp-json\/wp\/v2\/users\/1"}],"replies":[{"embeddable":true,"href":"https:\/\/fecovi.coop\/web\/wp-json\/wp\/v2\/comments?post=7036"}],"version-history":[{"count":1,"href":"https:\/\/fecovi.coop\/web\/wp-json\/wp\/v2\/posts\/7036\/revisions"}],"predecessor-version":[{"id":7037,"href":"https:\/\/fecovi.coop\/web\/wp-json\/wp\/v2\/posts\/7036\/revisions\/7037"}],"wp:featuredmedia":[{"embeddable":true,"href":"https:\/\/fecovi.coop\/web\/wp-json\/wp\/v2\/media\/7038"}],"wp:attachment":[{"href":"https:\/\/fecovi.coop\/web\/wp-json\/wp\/v2\/media?parent=7036"}],"wp:term":[{"taxonomy":"category","embeddable":true,"href":"https:\/\/fecovi.coop\/web\/wp-json\/wp\/v2\/categories?post=7036"},{"taxonomy":"post_tag","embeddable":true,"href":"https:\/\/fecovi.coop\/web\/wp-json\/wp\/v2\/tags?post=7036"}],"curies":[{"name":"wp","href":"https:\/\/api.w.org\/{rel}","templated":true}]}}