{"id":6969,"date":"2021-07-13T21:59:31","date_gmt":"2021-07-13T21:59:31","guid":{"rendered":"https:\/\/fecovi.coop\/web\/?p=6969"},"modified":"2021-07-13T22:04:47","modified_gmt":"2021-07-13T22:04:47","slug":"ministra-de-vivienda-responde-ante-planteo-de-emergencia-en-el-sistema-cooperativo","status":"publish","type":"post","link":"https:\/\/fecovi.coop\/web\/ministra-de-vivienda-responde-ante-planteo-de-emergencia-en-el-sistema-cooperativo\/","title":{"rendered":"MINISTRA DE VIVIENDA RESPONDE ANTE PLANTEO DE EMERGENCIA EN EL SISTEMA COOPERATIVO"},"content":{"rendered":"\n<p>Como lo informamos anteriormente, FECOVI promovi\u00f3 la realizaci\u00f3n en conjunto con FUCVAM, CUDECOOP y la Mesa de IATs, de un documento de diagn\u00f3stico y denuncia de la grave situaci\u00f3n del movimiento cooperativo de vivienda.<\/p>\n\n\n\n<p>En dicho marco, hemos mantenido reuniones con los Gobiernos Departamentales, Parlamento y en las \u00faltimas horas con la Ministra de Vivienda Dra. Irene Moreira.<\/p>\n\n\n\n<p>Adem\u00e1s de poner en la agenda p\u00fablica el tema, hemos logrado que la Sra. Ministra asuma los compromisos que se detallan en el comunicado adjunto.<\/p>\n\n\n\n<p>Una vez m\u00e1s, hemos demostrado que con acciones conjuntas, unitarias y bien fundadas, se obtienen buenos resultados.<\/p>\n\n\n\n<p>FECOVI, redobla su compromiso de lucha, por los asuntos que a\u00fan quedan sin respuesta, e invita a todas las cooperativas a continuar movilizadas haciendo o\u00edr su voz.<\/p>\n\n\n\n<p>EL SISTEMA COOPERATIVO DE VIVIENDA ESTAR\u00cdA RETOMANDO SU MARCHA<\/p>\n\n\n\n<p>Comunicado de prensa<\/p>\n\n\n\n<p>El viernes 9 de julio se llev\u00f3 a cabo la postergada reuni\u00f3n con las autoridades del Ministerio de Vivienda y Ordenamiento territorial. En la misma participaron, por parte del ministerio, la Ministra Dra. Irene Moreira, el Director de Vivienda Cr. Jorge Ceretta y el Tte. Cnel. (R) Gonzalo Reissig y por esta mesa, sus 5 instituciones integrantes: Federaci\u00f3n de Cooperativas de Vivienda por Ahorro Previo, (FECOVI) ; Federaci\u00f3n Uruguaya de Cooperativas de Vivienda por Ayuda Mutua, (FUCVAM); Mesa Coordinadora de Institutos de Asistencia T\u00e9cnica, (IATS); y la Confederaci\u00f3n Uruguaya de Entidades Cooperativas, (CUDECOOP) .<\/p>\n\n\n\n<p>En la reuni\u00f3n la Ministra se comprometi\u00f3 a:<\/p>\n\n\n\n<p>Comunicar a la brevedad posible, los VALORES DE TASACI\u00d3N de este a\u00f1o 2021;<\/p>\n\n\n\n<p>Dar continuidad al programa de cooperativas en sus diferentes etapas (viabilidad de terrenos, anteproyectos y proyectos ejecutivos);<\/p>\n\n\n\n<p>Realizar el sorteo en diciembre de 2021, para 1500 viviendas, de las cuales 700 entran con adjudicaci\u00f3n directa por haber participado en los 3 sorteos anteriores;<\/p>\n\n\n\n<p>Por otro lado, comunic\u00f3 que se escriturar\u00e1n 25 cooperativas de ahora a fin de a\u00f1o y 50 cooperativas en el a\u00f1o 2022 (a un ritmo de 4 por mes). Y con respecto al viejo reclamo del 2 % de inter\u00e9s en las tasas de pago, la Ministra se\u00f1al\u00f3 que ya hab\u00eda formado una comisi\u00f3n para el estudio de este tema y que \u00e9l mismo estaba bastante adelantado. Adem\u00e1s se\u00f1al\u00f3 su disposici\u00f3n a resolver positivamente este tema.<\/p>\n\n\n\n<p>Realizado el encuentro, quedamos a la espera de la concreci\u00f3n por escrito de las definiciones declaradas.<\/p>\n\n\n\n<p>Instituciones y Organizaciones Firmantes<\/p>\n\n\n\n<p>FECOVI: Federaci\u00f3n de Cooperativas de Vivienda por Ahorro Previo.<\/p>\n\n\n\n<p>FUCVAM: Federaci\u00f3n Uruguaya de Cooperativas de Vivienda por Ayuda Mutua.<\/p>\n\n\n\n<p>IATs: Mesa Coordinadora de Institutos de Asistencia T\u00e9cnica.<\/p>\n\n\n\n<p>CUDECOOP: Confederaci\u00f3n Uruguaya de Entidades Cooperativas<\/p>\n","protected":false},"excerpt":{"rendered":"<p>Como lo informamos anteriormente, FECOVI promovi\u00f3 la realizaci\u00f3n en conjunto con FUCVAM, CUDECOOP y la Mesa de IATs, de un documento de diagn\u00f3stico y denuncia de la grave situaci\u00f3n del &#8230;<\/p>\n","protected":false},"author":1,"featured_media":6971,"comment_status":"closed","ping_status":"closed","sticky":false,"template":"","format":"standard","meta":{"footnotes":""},"categories":[2],"tags":[],"class_list":["post-6969","post","type-post","status-publish","format-standard","has-post-thumbnail","hentry","category-noticias"],"_links":{"self":[{"href":"https:\/\/fecovi.coop\/web\/wp-json\/wp\/v2\/posts\/6969","targetHints":{"allow":["GET"]}}],"collection":[{"href":"https:\/\/fecovi.coop\/web\/wp-json\/wp\/v2\/posts"}],"about":[{"href":"https:\/\/fecovi.coop\/web\/wp-json\/wp\/v2\/types\/post"}],"author":[{"embeddable":true,"href":"https:\/\/fecovi.coop\/web\/wp-json\/wp\/v2\/users\/1"}],"replies":[{"embeddable":true,"href":"https:\/\/fecovi.coop\/web\/wp-json\/wp\/v2\/comments?post=6969"}],"version-history":[{"count":1,"href":"https:\/\/fecovi.coop\/web\/wp-json\/wp\/v2\/posts\/6969\/revisions"}],"predecessor-version":[{"id":6970,"href":"https:\/\/fecovi.coop\/web\/wp-json\/wp\/v2\/posts\/6969\/revisions\/6970"}],"wp:featuredmedia":[{"embeddable":true,"href":"https:\/\/fecovi.coop\/web\/wp-json\/wp\/v2\/media\/6971"}],"wp:attachment":[{"href":"https:\/\/fecovi.coop\/web\/wp-json\/wp\/v2\/media?parent=6969"}],"wp:term":[{"taxonomy":"category","embeddable":true,"href":"https:\/\/fecovi.coop\/web\/wp-json\/wp\/v2\/categories?post=6969"},{"taxonomy":"post_tag","embeddable":true,"href":"https:\/\/fecovi.coop\/web\/wp-json\/wp\/v2\/tags?post=6969"}],"curies":[{"name":"wp","href":"https:\/\/api.w.org\/{rel}","templated":true}]}}