{"id":6711,"date":"2021-06-18T00:23:17","date_gmt":"2021-06-18T00:23:17","guid":{"rendered":"https:\/\/fecovi.coop\/web\/?p=6711"},"modified":"2021-06-18T00:24:07","modified_gmt":"2021-06-18T00:24:07","slug":"cooperativismo-de-vivienda-en-riesgo","status":"publish","type":"post","link":"https:\/\/fecovi.coop\/web\/cooperativismo-de-vivienda-en-riesgo\/","title":{"rendered":"COOPERATIVISMO DE VIVIENDA EN RIESGO"},"content":{"rendered":"\n<p><strong>CONFERENCIA DE PRENSA\u00a0<\/strong>\u00a0\u2013 VIERNES 18\/6 &#8211; 10.30H<br><br><strong>Gobierno prioriza a la inversi\u00f3n privada y deja a m\u00e1s de 75.000 familias ante la posibilidad de no obtener su vivienda.<\/strong><br><br><strong>COOPERATIVISMO DE VIVIENDA EN RIESGO<\/strong><br>\u00a0<br>Las organizaciones e instituciones representantes y promotoras del cooperativismo de vivienda en nuestro pa\u00eds, expresan su profunda preocupaci\u00f3n ante la afectaci\u00f3n a la inversi\u00f3n estatal en viviendas de inter\u00e9s social por el ajuste a la baja en el presupuesto, que sumado a la inflaci\u00f3n queda en un recorte presupuestal superior al 20% sobre lo ejecutado en el per\u00edodo de gobierno anterior, lo cual afecta directamente por el d\u00e9ficit habitacional a entre 75.000 y 80.000 familias, sobre el cual el cooperativismo ha realizado aportes para bajar las cifras hist\u00f3ricas de d\u00e9ficit.<br>\u00a0<br>Las organizaciones denuncian que lo dicho por el gobierno actual en cuanto a la construcci\u00f3n de vivienda de inter\u00e9s social ha quedado por el camino. Lo que hace crecer la preocupaci\u00f3n es que la apuesta para disminuir ese d\u00e9ficit cuantitativo prioriza a la empresa privada, a partir de un fideicomiso sobre el cual no hay informaci\u00f3n precisa. \u00a0<br>\u00a0<br>El sistema cooperativo de vivienda, cuenta desde comienzo de los 70, con financiamiento p\u00fablico, siendo esta una forma de atender la necesidad de vivienda de gran parte de la poblaci\u00f3n uruguaya con eficiencia, calidad y conveniencia. Adem\u00e1s, este modelo es una forma de producci\u00f3n de vivienda que no solo impacta en el d\u00e9ficit cuantitativo, sino que modifica positivamente el entorno en el cual se instala la cooperativa, por lo que se ha vuelto internacionalmente reconocido.<br>\u00a0<br>Para ampliar detalles sobre esta situaci\u00f3n y dar a conocer las propuestas y requerimientos de las organizaciones cooperativas, les invitamos a participar este <strong>viernes 18 de junio a las 10.30h de la conferencia de prensa: cooperativismo de vivienda en riesgo.<\/strong><br>\u00a0<br>Participan: Presidentes de FUCVAM, Enrique Cal; de FECOVI, Ricardo Pisciottano; de CUDECOOP, Alicia Maneiro; y por la Mesa Coordinadora de Institutos de Asistencia T\u00e9cnica, Ismael Castellanos (CCU) y Georgina Morresi\u00a0 (IAT Setiembre).<br>\u00a0<br>Viernes 18 de junio, por Facebook live:<a rel=\"noreferrer noopener\" href=\"https:\/\/gmail.us20.list-manage.com\/track\/click?u=a94b7d5457da0608a2d5738b8&amp;id=3fd935d6bb&amp;e=acf7f1f2aa\" target=\"_blank\"> facebook.com\/CUDECOOP<\/a><\/p>\n","protected":false},"excerpt":{"rendered":"<p>CONFERENCIA DE PRENSA\u00a0\u00a0\u2013 VIERNES 18\/6 &#8211; 10.30H Gobierno prioriza a la inversi\u00f3n privada y deja a m\u00e1s de 75.000 familias ante la posibilidad de no obtener su vivienda. COOPERATIVISMO DE &#8230;<\/p>\n","protected":false},"author":1,"featured_media":6713,"comment_status":"closed","ping_status":"closed","sticky":false,"template":"","format":"standard","meta":{"footnotes":""},"categories":[2],"tags":[],"class_list":["post-6711","post","type-post","status-publish","format-standard","has-post-thumbnail","hentry","category-noticias"],"_links":{"self":[{"href":"https:\/\/fecovi.coop\/web\/wp-json\/wp\/v2\/posts\/6711","targetHints":{"allow":["GET"]}}],"collection":[{"href":"https:\/\/fecovi.coop\/web\/wp-json\/wp\/v2\/posts"}],"about":[{"href":"https:\/\/fecovi.coop\/web\/wp-json\/wp\/v2\/types\/post"}],"author":[{"embeddable":true,"href":"https:\/\/fecovi.coop\/web\/wp-json\/wp\/v2\/users\/1"}],"replies":[{"embeddable":true,"href":"https:\/\/fecovi.coop\/web\/wp-json\/wp\/v2\/comments?post=6711"}],"version-history":[{"count":1,"href":"https:\/\/fecovi.coop\/web\/wp-json\/wp\/v2\/posts\/6711\/revisions"}],"predecessor-version":[{"id":6712,"href":"https:\/\/fecovi.coop\/web\/wp-json\/wp\/v2\/posts\/6711\/revisions\/6712"}],"wp:featuredmedia":[{"embeddable":true,"href":"https:\/\/fecovi.coop\/web\/wp-json\/wp\/v2\/media\/6713"}],"wp:attachment":[{"href":"https:\/\/fecovi.coop\/web\/wp-json\/wp\/v2\/media?parent=6711"}],"wp:term":[{"taxonomy":"category","embeddable":true,"href":"https:\/\/fecovi.coop\/web\/wp-json\/wp\/v2\/categories?post=6711"},{"taxonomy":"post_tag","embeddable":true,"href":"https:\/\/fecovi.coop\/web\/wp-json\/wp\/v2\/tags?post=6711"}],"curies":[{"name":"wp","href":"https:\/\/api.w.org\/{rel}","templated":true}]}}