{"id":6682,"date":"2021-06-17T23:44:44","date_gmt":"2021-06-17T23:44:44","guid":{"rendered":"https:\/\/fecovi.coop\/web\/?p=6682"},"modified":"2021-06-17T23:51:36","modified_gmt":"2021-06-17T23:51:36","slug":"comunicado-urgente","status":"publish","type":"post","link":"https:\/\/fecovi.coop\/web\/comunicado-urgente\/","title":{"rendered":"COMUNICADO URGENTE"},"content":{"rendered":"\n<p><strong>Agencia Nacional de Vivienda<br>Resoluci\u00f3n de Directorio <\/strong>N\u00b0 <strong>0138\/2021<\/strong><\/p>\n\n\n\n<p><strong>Acta: <\/strong>702<\/p>\n\n\n\n<p><strong>Fecha: <\/strong>21 de mayo de 2021 <strong>Expediente: <\/strong>2020-68-1-001803<\/p>\n\n\n\n<p><strong>Tema: <\/strong>MEDIDAS RESPECTO DE CARTERAS DE CR\u00c9DITO Y PROGRAMAS DE VIVIENDAS ADMINISTRADOS POR LA AGENCIA NACIONAL DE VIVIENDA &#8211; Se implementa lo dispuesto por la Sra. Ministra de Vivienda y Ordenamiento Territorial de extensi\u00f3n por 30 d\u00edas de las medidas aprobadas por Resoluci\u00f3n Ministerial N\u00b0 314\/2021 de fecha 28 de abril de 2021, y se adoptan medidas respecto de las dem\u00e1s Carteras y Programas.<\/p>\n\n\n\n<h4 class=\"has-text-align-left wp-block-heading\">* <a rel=\"noreferrer noopener\" href=\"https:\/\/fecovi.coop\/web\/wp-content\/uploads\/2021\/06\/0138-Exp.-2020-68-1-001803-Medidas-Creditos.pdf\" target=\"_blank\">DESCARGAR MEDIDAS CR\u00c9DITOS<\/a><br>* <a href=\"https:\/\/fecovi.coop\/web\/wp-content\/uploads\/2021\/06\/COMUNICADO-10-21.pdf\" target=\"_blank\" rel=\"noreferrer noopener\">DESCARGAR COMUNICADO A COOPERATIVAS<\/a><\/h4>\n","protected":false},"excerpt":{"rendered":"<p>Agencia Nacional de ViviendaResoluci\u00f3n de Directorio N\u00b0 0138\/2021 Acta: 702 Fecha: 21 de mayo de 2021 Expediente: 2020-68-1-001803 Tema: MEDIDAS RESPECTO DE CARTERAS DE CR\u00c9DITO Y PROGRAMAS DE VIVIENDAS ADMINISTRADOS &#8230;<\/p>\n","protected":false},"author":1,"featured_media":6686,"comment_status":"closed","ping_status":"closed","sticky":false,"template":"","format":"standard","meta":{"footnotes":""},"categories":[2],"tags":[],"class_list":["post-6682","post","type-post","status-publish","format-standard","has-post-thumbnail","hentry","category-noticias"],"_links":{"self":[{"href":"https:\/\/fecovi.coop\/web\/wp-json\/wp\/v2\/posts\/6682","targetHints":{"allow":["GET"]}}],"collection":[{"href":"https:\/\/fecovi.coop\/web\/wp-json\/wp\/v2\/posts"}],"about":[{"href":"https:\/\/fecovi.coop\/web\/wp-json\/wp\/v2\/types\/post"}],"author":[{"embeddable":true,"href":"https:\/\/fecovi.coop\/web\/wp-json\/wp\/v2\/users\/1"}],"replies":[{"embeddable":true,"href":"https:\/\/fecovi.coop\/web\/wp-json\/wp\/v2\/comments?post=6682"}],"version-history":[{"count":2,"href":"https:\/\/fecovi.coop\/web\/wp-json\/wp\/v2\/posts\/6682\/revisions"}],"predecessor-version":[{"id":6688,"href":"https:\/\/fecovi.coop\/web\/wp-json\/wp\/v2\/posts\/6682\/revisions\/6688"}],"wp:featuredmedia":[{"embeddable":true,"href":"https:\/\/fecovi.coop\/web\/wp-json\/wp\/v2\/media\/6686"}],"wp:attachment":[{"href":"https:\/\/fecovi.coop\/web\/wp-json\/wp\/v2\/media?parent=6682"}],"wp:term":[{"taxonomy":"category","embeddable":true,"href":"https:\/\/fecovi.coop\/web\/wp-json\/wp\/v2\/categories?post=6682"},{"taxonomy":"post_tag","embeddable":true,"href":"https:\/\/fecovi.coop\/web\/wp-json\/wp\/v2\/tags?post=6682"}],"curies":[{"name":"wp","href":"https:\/\/api.w.org\/{rel}","templated":true}]}}