{"id":3969,"date":"2021-03-13T12:02:38","date_gmt":"2021-03-13T12:02:38","guid":{"rendered":"https:\/\/fecovi.coop\/viv\/?p=3969"},"modified":"2021-03-13T12:02:38","modified_gmt":"2021-03-13T12:02:38","slug":"no-violencia-machista-en-el-cooperativismo-de-vivienda","status":"publish","type":"post","link":"https:\/\/fecovi.coop\/web\/no-violencia-machista-en-el-cooperativismo-de-vivienda\/","title":{"rendered":"NO VIOLENCIA MACHISTA EN EL COOPERATIVISMO DE VIVIENDA."},"content":{"rendered":"\n<p>Estimadas cooperativas,<\/p>\n\n\n<p>Compartimos con ustedes algunas fotos de COVIAFUTU y SAN ANTONIO en representaci\u00f3n del resto de cooperativas que se sumaron activamente en una nueva conmemoraci\u00f3n del D\u00eda Internacional de la Mujer.<\/p>\n\n\n<p>Felicitaciones a todas por la creatividad que pusieron en las expresiones ante la NO VIOLENCIA MACHISTA EN EL COOPERATIVISMO DE VIVIENDA.<\/p>\n\n\n<p>Los agradecemos tambi\u00e9n la participaci\u00f3n en la charla del 3\/3 con expert@s especializad@s en temas de g\u00e9nero.<\/p>\n\n\n<p><strong>Junt@s por un cooperativismo sin machismos ni desigualdades de g\u00e9nero!!!!!<\/strong><\/p>\n\n\n<figure class=\"wp-block-gallery columns-4 is-cropped wp-block-gallery-1 is-layout-flex wp-block-gallery-is-layout-flex\"><ul class=\"blocks-gallery-grid\"><li class=\"blocks-gallery-item\"><figure><a href=\"https:\/\/fecovi.coop\/web\/wp-content\/uploads\/2021\/03\/1615580530710.jpg\"><img loading=\"lazy\" decoding=\"async\" width=\"800\" height=\"598\" src=\"https:\/\/fecovi.coop\/web\/wp-content\/uploads\/2021\/03\/1615580530710.jpg\" alt=\"\" data-id=\"3972\" data-full-url=\"https:\/\/fecovi.coop\/web\/wp-content\/uploads\/2021\/03\/1615580530710.jpg\" data-link=\"https:\/\/fecovi.coop\/viv\/2021\/03\/13\/no-violencia-machista-en-el-cooperativismo-de-vivienda\/attachment\/1615580530710\/\" class=\"wp-image-3972\" srcset=\"https:\/\/fecovi.coop\/web\/wp-content\/uploads\/2021\/03\/1615580530710.jpg 800w, https:\/\/fecovi.coop\/web\/wp-content\/uploads\/2021\/03\/1615580530710-300x224.jpg 300w, https:\/\/fecovi.coop\/web\/wp-content\/uploads\/2021\/03\/1615580530710-768x574.jpg 768w\" sizes=\"auto, (max-width: 800px) 100vw, 800px\" \/><\/a><\/figure><\/li><li class=\"blocks-gallery-item\"><figure><a href=\"https:\/\/fecovi.coop\/web\/wp-content\/uploads\/2021\/03\/1615580530717.jpg\"><img loading=\"lazy\" decoding=\"async\" width=\"768\" height=\"1024\" src=\"https:\/\/fecovi.coop\/web\/wp-content\/uploads\/2021\/03\/1615580530717-768x1024.jpg\" alt=\"\" data-id=\"3973\" data-full-url=\"https:\/\/fecovi.coop\/web\/wp-content\/uploads\/2021\/03\/1615580530717.jpg\" data-link=\"https:\/\/fecovi.coop\/viv\/2021\/03\/13\/no-violencia-machista-en-el-cooperativismo-de-vivienda\/attachment\/1615580530717\/\" class=\"wp-image-3973\" srcset=\"https:\/\/fecovi.coop\/web\/wp-content\/uploads\/2021\/03\/1615580530717-768x1024.jpg 768w, https:\/\/fecovi.coop\/web\/wp-content\/uploads\/2021\/03\/1615580530717-225x300.jpg 225w, https:\/\/fecovi.coop\/web\/wp-content\/uploads\/2021\/03\/1615580530717.jpg 800w\" sizes=\"auto, (max-width: 768px) 100vw, 768px\" \/><\/a><\/figure><\/li><li class=\"blocks-gallery-item\"><figure><a href=\"https:\/\/fecovi.coop\/web\/wp-content\/uploads\/2021\/03\/1615580530723.jpg\"><img loading=\"lazy\" decoding=\"async\" width=\"800\" height=\"406\" src=\"https:\/\/fecovi.coop\/web\/wp-content\/uploads\/2021\/03\/1615580530723.jpg\" alt=\"\" data-id=\"3974\" data-full-url=\"https:\/\/fecovi.coop\/web\/wp-content\/uploads\/2021\/03\/1615580530723.jpg\" data-link=\"https:\/\/fecovi.coop\/viv\/2021\/03\/13\/no-violencia-machista-en-el-cooperativismo-de-vivienda\/attachment\/1615580530723\/\" class=\"wp-image-3974\" srcset=\"https:\/\/fecovi.coop\/web\/wp-content\/uploads\/2021\/03\/1615580530723.jpg 800w, https:\/\/fecovi.coop\/web\/wp-content\/uploads\/2021\/03\/1615580530723-300x152.jpg 300w, https:\/\/fecovi.coop\/web\/wp-content\/uploads\/2021\/03\/1615580530723-768x390.jpg 768w\" sizes=\"auto, (max-width: 800px) 100vw, 800px\" \/><\/a><\/figure><\/li><li class=\"blocks-gallery-item\"><figure><a href=\"https:\/\/fecovi.coop\/web\/wp-content\/uploads\/2021\/03\/1615580530730.jpg\"><img loading=\"lazy\" decoding=\"async\" width=\"800\" height=\"800\" src=\"https:\/\/fecovi.coop\/web\/wp-content\/uploads\/2021\/03\/1615580530730.jpg\" alt=\"\" data-id=\"3975\" data-full-url=\"https:\/\/fecovi.coop\/web\/wp-content\/uploads\/2021\/03\/1615580530730.jpg\" data-link=\"https:\/\/fecovi.coop\/viv\/2021\/03\/13\/no-violencia-machista-en-el-cooperativismo-de-vivienda\/attachment\/1615580530730\/\" class=\"wp-image-3975\" srcset=\"https:\/\/fecovi.coop\/web\/wp-content\/uploads\/2021\/03\/1615580530730.jpg 800w, https:\/\/fecovi.coop\/web\/wp-content\/uploads\/2021\/03\/1615580530730-300x300.jpg 300w, https:\/\/fecovi.coop\/web\/wp-content\/uploads\/2021\/03\/1615580530730-150x150.jpg 150w, https:\/\/fecovi.coop\/web\/wp-content\/uploads\/2021\/03\/1615580530730-768x768.jpg 768w\" sizes=\"auto, (max-width: 800px) 100vw, 800px\" \/><\/a><\/figure><\/li><li class=\"blocks-gallery-item\"><figure><a href=\"https:\/\/fecovi.coop\/web\/wp-content\/uploads\/2021\/03\/1615580530754.jpg\"><img loading=\"lazy\" decoding=\"async\" width=\"800\" height=\"600\" src=\"https:\/\/fecovi.coop\/web\/wp-content\/uploads\/2021\/03\/1615580530754.jpg\" alt=\"\" data-id=\"3976\" data-full-url=\"https:\/\/fecovi.coop\/web\/wp-content\/uploads\/2021\/03\/1615580530754.jpg\" data-link=\"https:\/\/fecovi.coop\/viv\/2021\/03\/13\/no-violencia-machista-en-el-cooperativismo-de-vivienda\/attachment\/1615580530754\/\" class=\"wp-image-3976\" srcset=\"https:\/\/fecovi.coop\/web\/wp-content\/uploads\/2021\/03\/1615580530754.jpg 800w, https:\/\/fecovi.coop\/web\/wp-content\/uploads\/2021\/03\/1615580530754-300x225.jpg 300w, https:\/\/fecovi.coop\/web\/wp-content\/uploads\/2021\/03\/1615580530754-768x576.jpg 768w\" sizes=\"auto, (max-width: 800px) 100vw, 800px\" \/><\/a><\/figure><\/li><li class=\"blocks-gallery-item\"><figure><a href=\"https:\/\/fecovi.coop\/web\/wp-content\/uploads\/2021\/03\/IMG-20210306-WA0003.jpg\"><img decoding=\"async\" src=\"https:\/\/fecovi.coop\/web\/wp-content\/uploads\/2021\/03\/IMG-20210306-WA0003.jpg\" alt=\"\" data-id=\"3977\" data-full-url=\"https:\/\/fecovi.coop\/web\/wp-content\/uploads\/2021\/03\/IMG-20210306-WA0003.jpg\" data-link=\"https:\/\/fecovi.coop\/viv\/2021\/03\/13\/no-violencia-machista-en-el-cooperativismo-de-vivienda\/img-20210306-wa0003\/\" class=\"wp-image-3977\"\/><\/a><\/figure><\/li><li class=\"blocks-gallery-item\"><figure><a href=\"https:\/\/fecovi.coop\/web\/wp-content\/uploads\/2021\/03\/IMG-20210306-WA0007.jpg\"><img decoding=\"async\" src=\"https:\/\/fecovi.coop\/web\/wp-content\/uploads\/2021\/03\/IMG-20210306-WA0007.jpg\" alt=\"\" data-id=\"3978\" data-full-url=\"https:\/\/fecovi.coop\/web\/wp-content\/uploads\/2021\/03\/IMG-20210306-WA0007.jpg\" data-link=\"https:\/\/fecovi.coop\/viv\/2021\/03\/13\/no-violencia-machista-en-el-cooperativismo-de-vivienda\/img-20210306-wa0007\/\" class=\"wp-image-3978\"\/><\/a><\/figure><\/li><li class=\"blocks-gallery-item\"><figure><a href=\"https:\/\/fecovi.coop\/web\/wp-content\/uploads\/2021\/03\/IMG-20210306-WA0008.jpg\"><img decoding=\"async\" src=\"https:\/\/fecovi.coop\/web\/wp-content\/uploads\/2021\/03\/IMG-20210306-WA0008.jpg\" alt=\"\" data-id=\"3979\" data-full-url=\"https:\/\/fecovi.coop\/web\/wp-content\/uploads\/2021\/03\/IMG-20210306-WA0008.jpg\" data-link=\"https:\/\/fecovi.coop\/viv\/2021\/03\/13\/no-violencia-machista-en-el-cooperativismo-de-vivienda\/img-20210306-wa0008\/\" class=\"wp-image-3979\"\/><\/a><\/figure><\/li><li class=\"blocks-gallery-item\"><figure><a href=\"https:\/\/fecovi.coop\/web\/wp-content\/uploads\/2021\/03\/WhatsApp-Image-2021-03-07-at-17.27.21-1.jpeg\"><img loading=\"lazy\" decoding=\"async\" width=\"800\" height=\"600\" src=\"https:\/\/fecovi.coop\/web\/wp-content\/uploads\/2021\/03\/WhatsApp-Image-2021-03-07-at-17.27.21-1.jpeg\" alt=\"\" data-id=\"3980\" data-full-url=\"https:\/\/fecovi.coop\/web\/wp-content\/uploads\/2021\/03\/WhatsApp-Image-2021-03-07-at-17.27.21-1.jpeg\" data-link=\"https:\/\/fecovi.coop\/viv\/2021\/03\/13\/no-violencia-machista-en-el-cooperativismo-de-vivienda\/whatsapp-image-2021-03-07-at-17-27-21-1\/\" class=\"wp-image-3980\" srcset=\"https:\/\/fecovi.coop\/web\/wp-content\/uploads\/2021\/03\/WhatsApp-Image-2021-03-07-at-17.27.21-1.jpeg 800w, https:\/\/fecovi.coop\/web\/wp-content\/uploads\/2021\/03\/WhatsApp-Image-2021-03-07-at-17.27.21-1-300x225.jpeg 300w, https:\/\/fecovi.coop\/web\/wp-content\/uploads\/2021\/03\/WhatsApp-Image-2021-03-07-at-17.27.21-1-768x576.jpeg 768w\" sizes=\"auto, (max-width: 800px) 100vw, 800px\" \/><\/a><\/figure><\/li><li class=\"blocks-gallery-item\"><figure><a href=\"https:\/\/fecovi.coop\/web\/wp-content\/uploads\/2021\/03\/WhatsApp-Image-2021-03-07-at-17.27.21-2.jpeg\"><img loading=\"lazy\" decoding=\"async\" width=\"800\" height=\"600\" src=\"https:\/\/fecovi.coop\/web\/wp-content\/uploads\/2021\/03\/WhatsApp-Image-2021-03-07-at-17.27.21-2.jpeg\" alt=\"\" data-id=\"3981\" data-full-url=\"https:\/\/fecovi.coop\/web\/wp-content\/uploads\/2021\/03\/WhatsApp-Image-2021-03-07-at-17.27.21-2.jpeg\" data-link=\"https:\/\/fecovi.coop\/viv\/2021\/03\/13\/no-violencia-machista-en-el-cooperativismo-de-vivienda\/whatsapp-image-2021-03-07-at-17-27-21-2\/\" class=\"wp-image-3981\" srcset=\"https:\/\/fecovi.coop\/web\/wp-content\/uploads\/2021\/03\/WhatsApp-Image-2021-03-07-at-17.27.21-2.jpeg 800w, https:\/\/fecovi.coop\/web\/wp-content\/uploads\/2021\/03\/WhatsApp-Image-2021-03-07-at-17.27.21-2-300x225.jpeg 300w, https:\/\/fecovi.coop\/web\/wp-content\/uploads\/2021\/03\/WhatsApp-Image-2021-03-07-at-17.27.21-2-768x576.jpeg 768w\" sizes=\"auto, (max-width: 800px) 100vw, 800px\" \/><\/a><\/figure><\/li><li class=\"blocks-gallery-item\"><figure><a href=\"https:\/\/fecovi.coop\/web\/wp-content\/uploads\/2021\/03\/WhatsApp-Image-2021-03-07-at-17.27.22.jpeg\"><img decoding=\"async\" src=\"https:\/\/fecovi.coop\/web\/wp-content\/uploads\/2021\/03\/WhatsApp-Image-2021-03-07-at-17.27.22.jpeg\" alt=\"\" data-id=\"3982\" data-full-url=\"https:\/\/fecovi.coop\/web\/wp-content\/uploads\/2021\/03\/WhatsApp-Image-2021-03-07-at-17.27.22.jpeg\" data-link=\"https:\/\/fecovi.coop\/viv\/2021\/03\/13\/no-violencia-machista-en-el-cooperativismo-de-vivienda\/whatsapp-image-2021-03-07-at-17-27-22\/\" class=\"wp-image-3982\"\/><\/a><\/figure><\/li><li class=\"blocks-gallery-item\"><figure><a href=\"https:\/\/fecovi.coop\/web\/wp-content\/uploads\/2021\/03\/WhatsApp-Image-2021-03-07-at-17.27.26-2.jpeg\"><img loading=\"lazy\" decoding=\"async\" width=\"768\" height=\"1024\" src=\"https:\/\/fecovi.coop\/web\/wp-content\/uploads\/2021\/03\/WhatsApp-Image-2021-03-07-at-17.27.26-2-768x1024.jpeg\" alt=\"\" data-id=\"3983\" data-full-url=\"https:\/\/fecovi.coop\/web\/wp-content\/uploads\/2021\/03\/WhatsApp-Image-2021-03-07-at-17.27.26-2.jpeg\" data-link=\"https:\/\/fecovi.coop\/viv\/2021\/03\/13\/no-violencia-machista-en-el-cooperativismo-de-vivienda\/whatsapp-image-2021-03-07-at-17-27-26-2\/\" class=\"wp-image-3983\" srcset=\"https:\/\/fecovi.coop\/web\/wp-content\/uploads\/2021\/03\/WhatsApp-Image-2021-03-07-at-17.27.26-2-768x1024.jpeg 768w, https:\/\/fecovi.coop\/web\/wp-content\/uploads\/2021\/03\/WhatsApp-Image-2021-03-07-at-17.27.26-2-225x300.jpeg 225w, https:\/\/fecovi.coop\/web\/wp-content\/uploads\/2021\/03\/WhatsApp-Image-2021-03-07-at-17.27.26-2.jpeg 800w\" sizes=\"auto, (max-width: 768px) 100vw, 768px\" \/><\/a><\/figure><\/li><li class=\"blocks-gallery-item\"><figure><a href=\"https:\/\/fecovi.coop\/web\/wp-content\/uploads\/2021\/03\/WhatsApp-Image-2021-03-07-at-17.27.26.jpeg\"><img loading=\"lazy\" decoding=\"async\" width=\"800\" height=\"600\" src=\"https:\/\/fecovi.coop\/web\/wp-content\/uploads\/2021\/03\/WhatsApp-Image-2021-03-07-at-17.27.26.jpeg\" alt=\"\" data-id=\"3984\" data-full-url=\"https:\/\/fecovi.coop\/web\/wp-content\/uploads\/2021\/03\/WhatsApp-Image-2021-03-07-at-17.27.26.jpeg\" data-link=\"https:\/\/fecovi.coop\/viv\/2021\/03\/13\/no-violencia-machista-en-el-cooperativismo-de-vivienda\/whatsapp-image-2021-03-07-at-17-27-26\/\" class=\"wp-image-3984\" srcset=\"https:\/\/fecovi.coop\/web\/wp-content\/uploads\/2021\/03\/WhatsApp-Image-2021-03-07-at-17.27.26.jpeg 800w, https:\/\/fecovi.coop\/web\/wp-content\/uploads\/2021\/03\/WhatsApp-Image-2021-03-07-at-17.27.26-300x225.jpeg 300w, https:\/\/fecovi.coop\/web\/wp-content\/uploads\/2021\/03\/WhatsApp-Image-2021-03-07-at-17.27.26-768x576.jpeg 768w\" sizes=\"auto, (max-width: 800px) 100vw, 800px\" \/><\/a><\/figure><\/li><li class=\"blocks-gallery-item\"><figure><a href=\"https:\/\/fecovi.coop\/web\/wp-content\/uploads\/2021\/03\/WhatsApp-Image-2021-03-07-at-17.27.27-2.jpeg\"><img decoding=\"async\" src=\"https:\/\/fecovi.coop\/web\/wp-content\/uploads\/2021\/03\/WhatsApp-Image-2021-03-07-at-17.27.27-2.jpeg\" alt=\"\" data-id=\"3985\" data-full-url=\"https:\/\/fecovi.coop\/web\/wp-content\/uploads\/2021\/03\/WhatsApp-Image-2021-03-07-at-17.27.27-2.jpeg\" data-link=\"https:\/\/fecovi.coop\/viv\/2021\/03\/13\/no-violencia-machista-en-el-cooperativismo-de-vivienda\/whatsapp-image-2021-03-07-at-17-27-27-2\/\" class=\"wp-image-3985\"\/><\/a><\/figure><\/li><li class=\"blocks-gallery-item\"><figure><a href=\"https:\/\/fecovi.coop\/web\/wp-content\/uploads\/2021\/03\/WhatsApp-Image-2021-03-07-at-17.27.30-1.jpeg\"><img decoding=\"async\" src=\"https:\/\/fecovi.coop\/web\/wp-content\/uploads\/2021\/03\/WhatsApp-Image-2021-03-07-at-17.27.30-1.jpeg\" alt=\"\" data-id=\"3986\" data-full-url=\"https:\/\/fecovi.coop\/web\/wp-content\/uploads\/2021\/03\/WhatsApp-Image-2021-03-07-at-17.27.30-1.jpeg\" data-link=\"https:\/\/fecovi.coop\/viv\/2021\/03\/13\/no-violencia-machista-en-el-cooperativismo-de-vivienda\/whatsapp-image-2021-03-07-at-17-27-30-1\/\" class=\"wp-image-3986\"\/><\/a><\/figure><\/li><\/ul><\/figure>\n\n\n<hr class=\"wp-block-separator\"\/>\n","protected":false},"excerpt":{"rendered":"<p>Estimadas cooperativas, Compartimos con ustedes algunas fotos de COVIAFUTU y SAN ANTONIO en representaci\u00f3n del resto de cooperativas que se sumaron activamente en una nueva conmemoraci\u00f3n del D\u00eda Internacional de &#8230;<\/p>\n","protected":false},"author":1,"featured_media":3973,"comment_status":"closed","ping_status":"closed","sticky":false,"template":"","format":"standard","meta":{"footnotes":""},"categories":[2],"tags":[],"class_list":["post-3969","post","type-post","status-publish","format-standard","has-post-thumbnail","hentry","category-noticias"],"_links":{"self":[{"href":"https:\/\/fecovi.coop\/web\/wp-json\/wp\/v2\/posts\/3969","targetHints":{"allow":["GET"]}}],"collection":[{"href":"https:\/\/fecovi.coop\/web\/wp-json\/wp\/v2\/posts"}],"about":[{"href":"https:\/\/fecovi.coop\/web\/wp-json\/wp\/v2\/types\/post"}],"author":[{"embeddable":true,"href":"https:\/\/fecovi.coop\/web\/wp-json\/wp\/v2\/users\/1"}],"replies":[{"embeddable":true,"href":"https:\/\/fecovi.coop\/web\/wp-json\/wp\/v2\/comments?post=3969"}],"version-history":[{"count":0,"href":"https:\/\/fecovi.coop\/web\/wp-json\/wp\/v2\/posts\/3969\/revisions"}],"wp:featuredmedia":[{"embeddable":true,"href":"https:\/\/fecovi.coop\/web\/wp-json\/wp\/v2\/media\/3973"}],"wp:attachment":[{"href":"https:\/\/fecovi.coop\/web\/wp-json\/wp\/v2\/media?parent=3969"}],"wp:term":[{"taxonomy":"category","embeddable":true,"href":"https:\/\/fecovi.coop\/web\/wp-json\/wp\/v2\/categories?post=3969"},{"taxonomy":"post_tag","embeddable":true,"href":"https:\/\/fecovi.coop\/web\/wp-json\/wp\/v2\/tags?post=3969"}],"curies":[{"name":"wp","href":"https:\/\/api.w.org\/{rel}","templated":true}]}}