{"id":3769,"date":"2020-11-06T12:34:08","date_gmt":"2020-11-06T12:34:08","guid":{"rendered":"https:\/\/fecovi.coop\/web\/?p=3769"},"modified":"2020-11-06T13:12:25","modified_gmt":"2020-11-06T13:12:25","slug":"reunion-de-fecovi-con-la-dinavi","status":"publish","type":"post","link":"https:\/\/fecovi.coop\/web\/reunion-de-fecovi-con-la-dinavi\/","title":{"rendered":"REUNI\u00d3N DE FECOVI CON LA DINAVI"},"content":{"rendered":"\n<p>En el d\u00eda de hoy, jueves 5 de noviembre se llev\u00f3 a cabo una reuni\u00f3n entre FECOVI y las autoridades de la Direcci\u00f3n Nacional de Vivienda DINAVI, encabezada por su Director Arq. Jorge Perini y el Arq. Daniel Cafferatta Gerente de Planificaci\u00f3n.<\/p>\n\n\n\n<p>La reuni\u00f3n se genera a instancias de FECOVI, que desde hace algunas semanas hab\u00eda gestionado la misma a los efectos de trasladar las preocupaciones de las cooperativas que a\u00fan no han accedido al pr\u00e9stamo por la indefinici\u00f3n de fecha de sorteo del presente a\u00f1o y las incertidumbres por los calendarios a partir del 2121.<\/p>\n\n\n\n<p>El Consejo Directivo se reuni\u00f3 previamente con todas las cooperativas que se encuentran en esta situaci\u00f3n y, a su vez, cinco de estas cooperativas participaron de la reuni\u00f3n ya que la misma se realiz\u00f3 mediante zoom por medidas de preocupaci\u00f3n que adopt\u00f3 el Ministerio de Vivienda.<\/p>\n\n\n\n<p>Se plante\u00f3 por parte de la Federaci\u00f3n los siguientes temas:<\/p>\n\n\n\n<p>\u00b7&nbsp;&nbsp;&nbsp;&nbsp;&nbsp;&nbsp;&nbsp;&nbsp; Escrituraci\u00f3n de cooperativas que se encuentran pendientes desde principio de a\u00f1o, especialmente de la Cooperativa Mandalas.<\/p>\n\n\n\n<p>\u00b7&nbsp;&nbsp;&nbsp;&nbsp;&nbsp;&nbsp;&nbsp;&nbsp; Fecha de sorteo 2020<\/p>\n\n\n\n<p>\u00b7&nbsp;&nbsp;&nbsp;&nbsp;&nbsp;&nbsp;&nbsp;&nbsp; Cupo de sorteo 2020<\/p>\n\n\n\n<p>\u00b7&nbsp;&nbsp;&nbsp;&nbsp;&nbsp;&nbsp;&nbsp;&nbsp; Cu\u00e1ntos sorteos se considerar\u00e1n para el a\u00f1o 2020.<\/p>\n\n\n\n<p>\u00b7&nbsp;&nbsp;&nbsp;&nbsp;&nbsp;&nbsp;&nbsp;&nbsp; Perspectivas para cronogramas a partir del pr\u00f3ximo a\u00f1o en virtud de la situaci\u00f3n presupuestal.<\/p>\n\n\n\n<p>\u00b7&nbsp;&nbsp;&nbsp;&nbsp;&nbsp;&nbsp;&nbsp;&nbsp; Situaci\u00f3n de la reivindicaci\u00f3n del 2%<\/p>\n\n\n\n<p>Se obtuvieron como respuestas:<\/p>\n\n\n\n<p>\u00b7&nbsp;&nbsp;&nbsp;&nbsp;&nbsp;&nbsp;&nbsp;&nbsp; Las escrituras no se pueden realizar porque a\u00fan no se recibi\u00f3 por parte de Presidencia el refuerzo presupuestal, por m\u00e1s que el mismo ya fue aprobado.&nbsp; Para el caso de Mandalas, al ser una cooperativa de reciclaje, y dadas las particularidades que tal situaci\u00f3n plantea, se coordinar\u00e1 a la brevedad una visita por parte de una Arquitecta del sector Cooperativas del Ministerio para evaluar la situaci\u00f3n.<\/p>\n\n\n\n<p>\u00b7&nbsp;&nbsp;&nbsp;&nbsp;&nbsp;&nbsp;&nbsp;&nbsp; En un m\u00e1ximo de 15 d\u00edas se conocer\u00e1 la fecha del sorteo del presente a\u00f1o.<\/p>\n\n\n\n<p>\u00b7&nbsp;&nbsp;&nbsp;&nbsp;&nbsp;&nbsp;&nbsp;&nbsp; Se respetar\u00e1 la resoluci\u00f3n de abril del presente a\u00f1o por lo que ir\u00e1n a sorteo 1000 cupos.<\/p>\n\n\n\n<p>\u00b7&nbsp;&nbsp;&nbsp;&nbsp;&nbsp;&nbsp;&nbsp;&nbsp; Se nos solicit\u00f3 hacer llegar una propuesta concreta respecto a los sorteos 2020, la que ser\u00e1 trabajada en conjunto con las Cooperativas 27 de Marzo y COVIAFUTU, que son las que se encuentran en esta situaci\u00f3n.<\/p>\n\n\n\n<p>\u00b7&nbsp;&nbsp;&nbsp;&nbsp;&nbsp;&nbsp;&nbsp;&nbsp; No pueden adelantar perspectivas de los cronogramas en virtud de no haber finalizado la discusi\u00f3n del Presupuesto. La hip\u00f3tesis de trabajo est\u00e1 realizada por su parte con los n\u00fameros que se encuentran actualmente a consideraci\u00f3n del Senado.<\/p>\n\n\n\n<p>\u00b7&nbsp;&nbsp;&nbsp;&nbsp;&nbsp;&nbsp;&nbsp;&nbsp; El tema del 2% pas\u00f3 a la \u00f3rbita del Director General del Ministerio, por lo que pr\u00f3ximamente FECOVI solicitar\u00e1 en el d\u00eda de ma\u00f1ana una entrevista con Daniel Albornoz que es quien ocupa tal responsabilidad.<\/p>\n\n\n\n<p>Los mantendremos informados.<\/p>\n\n\n\n<p>Consejo Directivo<\/p>\n","protected":false},"excerpt":{"rendered":"<p>En el d\u00eda de hoy, jueves 5 de noviembre se llev\u00f3 a cabo una reuni\u00f3n entre FECOVI y las autoridades de la Direcci\u00f3n Nacional de Vivienda DINAVI, encabezada por su &#8230;<\/p>\n","protected":false},"author":1,"featured_media":3774,"comment_status":"closed","ping_status":"closed","sticky":false,"template":"","format":"standard","meta":{"footnotes":""},"categories":[2],"tags":[],"class_list":["post-3769","post","type-post","status-publish","format-standard","has-post-thumbnail","hentry","category-noticias"],"_links":{"self":[{"href":"https:\/\/fecovi.coop\/web\/wp-json\/wp\/v2\/posts\/3769","targetHints":{"allow":["GET"]}}],"collection":[{"href":"https:\/\/fecovi.coop\/web\/wp-json\/wp\/v2\/posts"}],"about":[{"href":"https:\/\/fecovi.coop\/web\/wp-json\/wp\/v2\/types\/post"}],"author":[{"embeddable":true,"href":"https:\/\/fecovi.coop\/web\/wp-json\/wp\/v2\/users\/1"}],"replies":[{"embeddable":true,"href":"https:\/\/fecovi.coop\/web\/wp-json\/wp\/v2\/comments?post=3769"}],"version-history":[{"count":1,"href":"https:\/\/fecovi.coop\/web\/wp-json\/wp\/v2\/posts\/3769\/revisions"}],"predecessor-version":[{"id":3770,"href":"https:\/\/fecovi.coop\/web\/wp-json\/wp\/v2\/posts\/3769\/revisions\/3770"}],"wp:featuredmedia":[{"embeddable":true,"href":"https:\/\/fecovi.coop\/web\/wp-json\/wp\/v2\/media\/3774"}],"wp:attachment":[{"href":"https:\/\/fecovi.coop\/web\/wp-json\/wp\/v2\/media?parent=3769"}],"wp:term":[{"taxonomy":"category","embeddable":true,"href":"https:\/\/fecovi.coop\/web\/wp-json\/wp\/v2\/categories?post=3769"},{"taxonomy":"post_tag","embeddable":true,"href":"https:\/\/fecovi.coop\/web\/wp-json\/wp\/v2\/tags?post=3769"}],"curies":[{"name":"wp","href":"https:\/\/api.w.org\/{rel}","templated":true}]}}